{"id":9329,"date":"2025-05-20T12:31:35","date_gmt":"2025-05-20T15:31:35","guid":{"rendered":"https:\/\/www.teno.cl\/portal2\/?p=9329"},"modified":"2025-05-20T12:31:35","modified_gmt":"2025-05-20T15:31:35","slug":"coordinando-soluciones-para-mejorar-la-calidad-de-vida-en-la-comuna","status":"publish","type":"post","link":"https:\/\/www.teno.cl\/portal2\/2025\/05\/20\/coordinando-soluciones-para-mejorar-la-calidad-de-vida-en-la-comuna\/","title":{"rendered":"COORDINANDO SOLUCIONES PARA MEJORAR LA CALIDAD DE VIDA EN LA COMUNA"},"content":{"rendered":"\n<p>En una muestra de compromiso con el desarrollo local y el bienestar de la comunidad, el alcalde\u00a0Wildo Far\u00edas\u00a0sostuvo una importante reuni\u00f3n con el\u00a0SEREMI de Bienes Nacionales, C\u00e9sar Concha, para abordar diversas tem\u00e1ticas vecinales de alto impacto.<\/p>\n\n\n\n<p>Durante el encuentro, se discutieron\u00a0soluciones para los lotes irregulares, una problem\u00e1tica que afecta a numerosos vecinos y vecinas de la comuna. Asimismo, ambas autoridades\u00a0reafirmaron el compromiso con la continuidad del convenio\u00a0que facilita el\u00a0saneamiento de t\u00edtulos de dominio, permitiendo a m\u00e1s familias acceder a la regularizaci\u00f3n de sus propiedades.<\/p>\n\n\n\n<p>Este tipo de gestiones refuerzan el trabajo colaborativo entre el municipio y el Gobierno Regional, con el objetivo de\u00a0mejorar la calidad de vida de los habitantes\u00a0y avanzar en la consolidaci\u00f3n de un territorio m\u00e1s justo y ordenado.<\/p>\n\n\n\n<div class=\"wp-block-columns is-layout-flex wp-container-core-columns-is-layout-28f84493 wp-block-columns-is-layout-flex\">\n<div class=\"wp-block-column is-vertically-aligned-center is-layout-flow wp-block-column-is-layout-flow\">\n<figure class=\"wp-block-image size-large\"><img fetchpriority=\"high\" decoding=\"async\" width=\"1024\" height=\"683\" src=\"https:\/\/www.teno.cl\/portal2\/wp-content\/uploads\/2025\/05\/497436714_1023035213351335_3821328267142813067_n-1024x683.jpg\" alt=\"\" class=\"wp-image-9330\" srcset=\"https:\/\/www.teno.cl\/portal2\/wp-content\/uploads\/2025\/05\/497436714_1023035213351335_3821328267142813067_n-1024x683.jpg 1024w, https:\/\/www.teno.cl\/portal2\/wp-content\/uploads\/2025\/05\/497436714_1023035213351335_3821328267142813067_n-300x200.jpg 300w, https:\/\/www.teno.cl\/portal2\/wp-content\/uploads\/2025\/05\/497436714_1023035213351335_3821328267142813067_n-768x512.jpg 768w, https:\/\/www.teno.cl\/portal2\/wp-content\/uploads\/2025\/05\/497436714_1023035213351335_3821328267142813067_n-1536x1025.jpg 1536w, https:\/\/www.teno.cl\/portal2\/wp-content\/uploads\/2025\/05\/497436714_1023035213351335_3821328267142813067_n.jpg 2048w\" sizes=\"(max-width: 1024px) 100vw, 1024px\" \/><\/figure>\n<\/div>\n\n\n\n<div class=\"wp-block-column is-vertically-aligned-center is-layout-flow wp-block-column-is-layout-flow\">\n<figure class=\"wp-block-image size-large\"><img decoding=\"async\" width=\"1024\" height=\"683\" src=\"https:\/\/www.teno.cl\/portal2\/wp-content\/uploads\/2025\/05\/499217387_1023035136684676_3251087354516795256_n-1024x683.jpg\" alt=\"\" class=\"wp-image-9331\" srcset=\"https:\/\/www.teno.cl\/portal2\/wp-content\/uploads\/2025\/05\/499217387_1023035136684676_3251087354516795256_n-1024x683.jpg 1024w, https:\/\/www.teno.cl\/portal2\/wp-content\/uploads\/2025\/05\/499217387_1023035136684676_3251087354516795256_n-300x200.jpg 300w, https:\/\/www.teno.cl\/portal2\/wp-content\/uploads\/2025\/05\/499217387_1023035136684676_3251087354516795256_n-768x512.jpg 768w, https:\/\/www.teno.cl\/portal2\/wp-content\/uploads\/2025\/05\/499217387_1023035136684676_3251087354516795256_n-1536x1024.jpg 1536w, https:\/\/www.teno.cl\/portal2\/wp-content\/uploads\/2025\/05\/499217387_1023035136684676_3251087354516795256_n.jpg 2048w\" sizes=\"(max-width: 1024px) 100vw, 1024px\" \/><\/figure>\n<\/div>\n\n\n\n<div class=\"wp-block-column is-layout-flow wp-block-column-is-layout-flow\">\n<figure class=\"wp-block-image size-large\"><img decoding=\"async\" width=\"1024\" height=\"683\" src=\"https:\/\/www.teno.cl\/portal2\/wp-content\/uploads\/2025\/05\/497736141_1023035100018013_7150821812818692321_n-1024x683.jpg\" alt=\"\" class=\"wp-image-9332\" srcset=\"https:\/\/www.teno.cl\/portal2\/wp-content\/uploads\/2025\/05\/497736141_1023035100018013_7150821812818692321_n-1024x683.jpg 1024w, https:\/\/www.teno.cl\/portal2\/wp-content\/uploads\/2025\/05\/497736141_1023035100018013_7150821812818692321_n-300x200.jpg 300w, https:\/\/www.teno.cl\/portal2\/wp-content\/uploads\/2025\/05\/497736141_1023035100018013_7150821812818692321_n-768x512.jpg 768w, https:\/\/www.teno.cl\/portal2\/wp-content\/uploads\/2025\/05\/497736141_1023035100018013_7150821812818692321_n-1536x1024.jpg 1536w, https:\/\/www.teno.cl\/portal2\/wp-content\/uploads\/2025\/05\/497736141_1023035100018013_7150821812818692321_n.jpg 2048w\" sizes=\"(max-width: 1024px) 100vw, 1024px\" \/><\/figure>\n<\/div>\n<\/div>\n\n\n\n<p><\/p>\n","protected":false},"excerpt":{"rendered":"<p>En una muestra de compromiso con el desarrollo local y el bienestar de la comunidad, el alcalde\u00a0Wildo Far\u00edas\u00a0sostuvo una importante reuni\u00f3n con el\u00a0SEREMI de Bienes Nacionales, C\u00e9sar Concha, para abordar diversas tem\u00e1ticas vecinales de alto impacto. Durante el encuentro, se discutieron\u00a0soluciones para los lotes irregulares, una problem\u00e1tica que afecta a numerosos vecinos y vecinas de &hellip;<\/p>\n<p class=\"read-more\"> <a class=\"\" href=\"https:\/\/www.teno.cl\/portal2\/2025\/05\/20\/coordinando-soluciones-para-mejorar-la-calidad-de-vida-en-la-comuna\/\"> <span class=\"screen-reader-text\">COORDINANDO SOLUCIONES PARA MEJORAR LA CALIDAD DE VIDA EN LA COMUNA<\/span> Read More &raquo;<\/a><\/p>\n","protected":false},"author":4,"featured_media":9333,"comment_status":"closed","ping_status":"closed","sticky":false,"template":"","format":"standard","meta":{"_uag_custom_page_level_css":"","site-sidebar-layout":"no-sidebar","site-content-layout":"boxed-container","ast-global-header-display":"","ast-main-header-display":"","ast-hfb-above-header-display":"","ast-hfb-below-header-display":"","ast-hfb-mobile-header-display":"","site-post-title":"","ast-breadcrumbs-content":"disabled","ast-featured-img":"disabled","footer-sml-layout":"","theme-transparent-header-meta":"default","adv-header-id-meta":"","stick-header-meta":"","header-above-stick-meta":"","header-main-stick-meta":"","header-below-stick-meta":"","footnotes":""},"categories":[11],"tags":[],"class_list":["post-9329","post","type-post","status-publish","format-standard","has-post-thumbnail","hentry","category-noticias-municipales"],"uagb_featured_image_src":{"full":["https:\/\/www.teno.cl\/portal2\/wp-content\/uploads\/2025\/05\/497949059_1023035226684667_1532075128574973510_n.jpg",2048,1366,false],"thumbnail":["https:\/\/www.teno.cl\/portal2\/wp-content\/uploads\/2025\/05\/497949059_1023035226684667_1532075128574973510_n-150x150.jpg",150,150,true],"medium":["https:\/\/www.teno.cl\/portal2\/wp-content\/uploads\/2025\/05\/497949059_1023035226684667_1532075128574973510_n-300x200.jpg",300,200,true],"medium_large":["https:\/\/www.teno.cl\/portal2\/wp-content\/uploads\/2025\/05\/497949059_1023035226684667_1532075128574973510_n-768x512.jpg",768,512,true],"large":["https:\/\/www.teno.cl\/portal2\/wp-content\/uploads\/2025\/05\/497949059_1023035226684667_1532075128574973510_n-1024x683.jpg",1024,683,true],"1536x1536":["https:\/\/www.teno.cl\/portal2\/wp-content\/uploads\/2025\/05\/497949059_1023035226684667_1532075128574973510_n-1536x1025.jpg",1536,1025,true],"2048x2048":["https:\/\/www.teno.cl\/portal2\/wp-content\/uploads\/2025\/05\/497949059_1023035226684667_1532075128574973510_n.jpg",2048,1366,false]},"uagb_author_info":{"display_name":"Benjamin Reyes","author_link":"https:\/\/www.teno.cl\/portal2\/author\/breyes\/"},"uagb_comment_info":0,"uagb_excerpt":"En una muestra de compromiso con el desarrollo local y el bienestar de la comunidad, el alcalde\u00a0Wildo Far\u00edas\u00a0sostuvo una importante reuni\u00f3n con el\u00a0SEREMI de Bienes Nacionales, C\u00e9sar Concha, para abordar diversas tem\u00e1ticas vecinales de alto impacto. Durante el encuentro, se discutieron\u00a0soluciones para los lotes irregulares, una problem\u00e1tica que afecta a numerosos vecinos y vecinas de&hellip;","_links":{"self":[{"href":"https:\/\/www.teno.cl\/portal2\/wp-json\/wp\/v2\/posts\/9329","targetHints":{"allow":["GET"]}}],"collection":[{"href":"https:\/\/www.teno.cl\/portal2\/wp-json\/wp\/v2\/posts"}],"about":[{"href":"https:\/\/www.teno.cl\/portal2\/wp-json\/wp\/v2\/types\/post"}],"author":[{"embeddable":true,"href":"https:\/\/www.teno.cl\/portal2\/wp-json\/wp\/v2\/users\/4"}],"replies":[{"embeddable":true,"href":"https:\/\/www.teno.cl\/portal2\/wp-json\/wp\/v2\/comments?post=9329"}],"version-history":[{"count":1,"href":"https:\/\/www.teno.cl\/portal2\/wp-json\/wp\/v2\/posts\/9329\/revisions"}],"predecessor-version":[{"id":9334,"href":"https:\/\/www.teno.cl\/portal2\/wp-json\/wp\/v2\/posts\/9329\/revisions\/9334"}],"wp:featuredmedia":[{"embeddable":true,"href":"https:\/\/www.teno.cl\/portal2\/wp-json\/wp\/v2\/media\/9333"}],"wp:attachment":[{"href":"https:\/\/www.teno.cl\/portal2\/wp-json\/wp\/v2\/media?parent=9329"}],"wp:term":[{"taxonomy":"category","embeddable":true,"href":"https:\/\/www.teno.cl\/portal2\/wp-json\/wp\/v2\/categories?post=9329"},{"taxonomy":"post_tag","embeddable":true,"href":"https:\/\/www.teno.cl\/portal2\/wp-json\/wp\/v2\/tags?post=9329"}],"curies":[{"name":"wp","href":"https:\/\/api.w.org\/{rel}","templated":true}]}}