{"id":9323,"date":"2025-05-20T12:27:13","date_gmt":"2025-05-20T15:27:13","guid":{"rendered":"https:\/\/www.teno.cl\/portal2\/?p=9323"},"modified":"2025-05-20T12:27:13","modified_gmt":"2025-05-20T15:27:13","slug":"segunda-reunion-de-la-mesa-de-articulacion-interinstitucional-de-la-oln","status":"publish","type":"post","link":"https:\/\/www.teno.cl\/portal2\/2025\/05\/20\/segunda-reunion-de-la-mesa-de-articulacion-interinstitucional-de-la-oln\/","title":{"rendered":"SEGUNDA REUNI\u00d3N DE LA MESA DE ARTICULACI\u00d3N INTERINSTITUCIONAL DE LA OLN"},"content":{"rendered":"\n<p>Con el objetivo de fortalecer el trabajo conjunto en favor de la infancia y adolescencia, se llev\u00f3 a cabo la segunda reuni\u00f3n de la\u00a0Mesa de Articulaci\u00f3n Interinstitucional de la Oficina Local de la Ni\u00f1ez, instancia que reuni\u00f3 a diversos actores clave en la protecci\u00f3n y promoci\u00f3n de derechos de ni\u00f1os, ni\u00f1as y adolescentes de la comuna.<\/p>\n\n\n\n<p>Durante la jornada, se cont\u00f3 con la destacada participaci\u00f3n de la\u00a0Directora de AFT Ciudad del Ni\u00f1o, quien present\u00f3 la\u00a0metodolog\u00eda de trabajo en red, aportando una visi\u00f3n enriquecedora y consolidando el enfoque colaborativo que gu\u00eda esta instancia.<\/p>\n\n\n\n<p>Uno de los puntos centrales fue la\u00a0identificaci\u00f3n de brechas relevantes\u00a0en el sistema local de atenci\u00f3n a la ni\u00f1ez, lo que permiti\u00f3 avanzar en la elaboraci\u00f3n del\u00a0Plan de Acci\u00f3n 2024-2027, estableciendo\u00a0acciones concretas\u00a0para enfrentar los desaf\u00edos detectados en el diagn\u00f3stico comunal.<\/p>\n\n\n\n<p>Adem\u00e1s, se realiz\u00f3 un\u00a0an\u00e1lisis de caso en conjunto con la red interinstitucional, fomentando un abordaje integral, articulado y coordinado, en l\u00ednea con los principios de protecci\u00f3n y bienestar de la ni\u00f1ez.<\/p>\n\n\n\n<div class=\"wp-block-columns is-layout-flex wp-container-core-columns-is-layout-28f84493 wp-block-columns-is-layout-flex\">\n<div class=\"wp-block-column is-vertically-aligned-center is-layout-flow wp-block-column-is-layout-flow\">\n<figure class=\"wp-block-image size-large\"><img fetchpriority=\"high\" decoding=\"async\" width=\"1024\" height=\"683\" src=\"https:\/\/www.teno.cl\/portal2\/wp-content\/uploads\/2025\/05\/498589941_1022395313415325_5669055681897087533_n-1024x683.jpg\" alt=\"\" class=\"wp-image-9324\" srcset=\"https:\/\/www.teno.cl\/portal2\/wp-content\/uploads\/2025\/05\/498589941_1022395313415325_5669055681897087533_n-1024x683.jpg 1024w, https:\/\/www.teno.cl\/portal2\/wp-content\/uploads\/2025\/05\/498589941_1022395313415325_5669055681897087533_n-300x200.jpg 300w, https:\/\/www.teno.cl\/portal2\/wp-content\/uploads\/2025\/05\/498589941_1022395313415325_5669055681897087533_n-768x512.jpg 768w, https:\/\/www.teno.cl\/portal2\/wp-content\/uploads\/2025\/05\/498589941_1022395313415325_5669055681897087533_n-1536x1024.jpg 1536w, https:\/\/www.teno.cl\/portal2\/wp-content\/uploads\/2025\/05\/498589941_1022395313415325_5669055681897087533_n.jpg 2048w\" sizes=\"(max-width: 1024px) 100vw, 1024px\" \/><\/figure>\n<\/div>\n\n\n\n<div class=\"wp-block-column is-vertically-aligned-center is-layout-flow wp-block-column-is-layout-flow\">\n<figure class=\"wp-block-image size-large\"><img decoding=\"async\" width=\"1024\" height=\"683\" src=\"https:\/\/www.teno.cl\/portal2\/wp-content\/uploads\/2025\/05\/498328227_1022394953415361_4791061459777776151_n-1024x683.jpg\" alt=\"\" class=\"wp-image-9325\" srcset=\"https:\/\/www.teno.cl\/portal2\/wp-content\/uploads\/2025\/05\/498328227_1022394953415361_4791061459777776151_n-1024x683.jpg 1024w, https:\/\/www.teno.cl\/portal2\/wp-content\/uploads\/2025\/05\/498328227_1022394953415361_4791061459777776151_n-300x200.jpg 300w, https:\/\/www.teno.cl\/portal2\/wp-content\/uploads\/2025\/05\/498328227_1022394953415361_4791061459777776151_n-768x512.jpg 768w, https:\/\/www.teno.cl\/portal2\/wp-content\/uploads\/2025\/05\/498328227_1022394953415361_4791061459777776151_n-1536x1024.jpg 1536w, https:\/\/www.teno.cl\/portal2\/wp-content\/uploads\/2025\/05\/498328227_1022394953415361_4791061459777776151_n.jpg 2048w\" sizes=\"(max-width: 1024px) 100vw, 1024px\" \/><\/figure>\n<\/div>\n\n\n\n<div class=\"wp-block-column is-layout-flow wp-block-column-is-layout-flow\">\n<figure class=\"wp-block-image size-large\"><img decoding=\"async\" width=\"1024\" height=\"683\" src=\"https:\/\/www.teno.cl\/portal2\/wp-content\/uploads\/2025\/05\/498152380_1022395390081984_349174071166898506_n-1024x683.jpg\" alt=\"\" class=\"wp-image-9326\" srcset=\"https:\/\/www.teno.cl\/portal2\/wp-content\/uploads\/2025\/05\/498152380_1022395390081984_349174071166898506_n-1024x683.jpg 1024w, https:\/\/www.teno.cl\/portal2\/wp-content\/uploads\/2025\/05\/498152380_1022395390081984_349174071166898506_n-300x200.jpg 300w, https:\/\/www.teno.cl\/portal2\/wp-content\/uploads\/2025\/05\/498152380_1022395390081984_349174071166898506_n-768x512.jpg 768w, https:\/\/www.teno.cl\/portal2\/wp-content\/uploads\/2025\/05\/498152380_1022395390081984_349174071166898506_n-1536x1024.jpg 1536w, https:\/\/www.teno.cl\/portal2\/wp-content\/uploads\/2025\/05\/498152380_1022395390081984_349174071166898506_n.jpg 2048w\" sizes=\"(max-width: 1024px) 100vw, 1024px\" \/><\/figure>\n<\/div>\n<\/div>\n\n\n\n<p><\/p>\n","protected":false},"excerpt":{"rendered":"<p>Con el objetivo de fortalecer el trabajo conjunto en favor de la infancia y adolescencia, se llev\u00f3 a cabo la segunda reuni\u00f3n de la\u00a0Mesa de Articulaci\u00f3n Interinstitucional de la Oficina Local de la Ni\u00f1ez, instancia que reuni\u00f3 a diversos actores clave en la protecci\u00f3n y promoci\u00f3n de derechos de ni\u00f1os, ni\u00f1as y adolescentes de la &hellip;<\/p>\n<p class=\"read-more\"> <a class=\"\" href=\"https:\/\/www.teno.cl\/portal2\/2025\/05\/20\/segunda-reunion-de-la-mesa-de-articulacion-interinstitucional-de-la-oln\/\"> <span class=\"screen-reader-text\">SEGUNDA REUNI\u00d3N DE LA MESA DE ARTICULACI\u00d3N INTERINSTITUCIONAL DE LA OLN<\/span> Read More &raquo;<\/a><\/p>\n","protected":false},"author":4,"featured_media":9327,"comment_status":"closed","ping_status":"closed","sticky":false,"template":"","format":"standard","meta":{"_uag_custom_page_level_css":"","site-sidebar-layout":"no-sidebar","site-content-layout":"boxed-container","ast-global-header-display":"","ast-main-header-display":"","ast-hfb-above-header-display":"","ast-hfb-below-header-display":"","ast-hfb-mobile-header-display":"","site-post-title":"","ast-breadcrumbs-content":"disabled","ast-featured-img":"disabled","footer-sml-layout":"","theme-transparent-header-meta":"default","adv-header-id-meta":"","stick-header-meta":"","header-above-stick-meta":"","header-main-stick-meta":"","header-below-stick-meta":"","footnotes":""},"categories":[11],"tags":[],"class_list":["post-9323","post","type-post","status-publish","format-standard","has-post-thumbnail","hentry","category-noticias-municipales"],"uagb_featured_image_src":{"full":["https:\/\/www.teno.cl\/portal2\/wp-content\/uploads\/2025\/05\/498240926_1022394966748693_5140464861090982505_n.jpg",2048,1365,false],"thumbnail":["https:\/\/www.teno.cl\/portal2\/wp-content\/uploads\/2025\/05\/498240926_1022394966748693_5140464861090982505_n-150x150.jpg",150,150,true],"medium":["https:\/\/www.teno.cl\/portal2\/wp-content\/uploads\/2025\/05\/498240926_1022394966748693_5140464861090982505_n-300x200.jpg",300,200,true],"medium_large":["https:\/\/www.teno.cl\/portal2\/wp-content\/uploads\/2025\/05\/498240926_1022394966748693_5140464861090982505_n-768x512.jpg",768,512,true],"large":["https:\/\/www.teno.cl\/portal2\/wp-content\/uploads\/2025\/05\/498240926_1022394966748693_5140464861090982505_n-1024x683.jpg",1024,683,true],"1536x1536":["https:\/\/www.teno.cl\/portal2\/wp-content\/uploads\/2025\/05\/498240926_1022394966748693_5140464861090982505_n-1536x1024.jpg",1536,1024,true],"2048x2048":["https:\/\/www.teno.cl\/portal2\/wp-content\/uploads\/2025\/05\/498240926_1022394966748693_5140464861090982505_n.jpg",2048,1365,false]},"uagb_author_info":{"display_name":"Benjamin Reyes","author_link":"https:\/\/www.teno.cl\/portal2\/author\/breyes\/"},"uagb_comment_info":0,"uagb_excerpt":"Con el objetivo de fortalecer el trabajo conjunto en favor de la infancia y adolescencia, se llev\u00f3 a cabo la segunda reuni\u00f3n de la\u00a0Mesa de Articulaci\u00f3n Interinstitucional de la Oficina Local de la Ni\u00f1ez, instancia que reuni\u00f3 a diversos actores clave en la protecci\u00f3n y promoci\u00f3n de derechos de ni\u00f1os, ni\u00f1as y adolescentes de la&hellip;","_links":{"self":[{"href":"https:\/\/www.teno.cl\/portal2\/wp-json\/wp\/v2\/posts\/9323","targetHints":{"allow":["GET"]}}],"collection":[{"href":"https:\/\/www.teno.cl\/portal2\/wp-json\/wp\/v2\/posts"}],"about":[{"href":"https:\/\/www.teno.cl\/portal2\/wp-json\/wp\/v2\/types\/post"}],"author":[{"embeddable":true,"href":"https:\/\/www.teno.cl\/portal2\/wp-json\/wp\/v2\/users\/4"}],"replies":[{"embeddable":true,"href":"https:\/\/www.teno.cl\/portal2\/wp-json\/wp\/v2\/comments?post=9323"}],"version-history":[{"count":1,"href":"https:\/\/www.teno.cl\/portal2\/wp-json\/wp\/v2\/posts\/9323\/revisions"}],"predecessor-version":[{"id":9328,"href":"https:\/\/www.teno.cl\/portal2\/wp-json\/wp\/v2\/posts\/9323\/revisions\/9328"}],"wp:featuredmedia":[{"embeddable":true,"href":"https:\/\/www.teno.cl\/portal2\/wp-json\/wp\/v2\/media\/9327"}],"wp:attachment":[{"href":"https:\/\/www.teno.cl\/portal2\/wp-json\/wp\/v2\/media?parent=9323"}],"wp:term":[{"taxonomy":"category","embeddable":true,"href":"https:\/\/www.teno.cl\/portal2\/wp-json\/wp\/v2\/categories?post=9323"},{"taxonomy":"post_tag","embeddable":true,"href":"https:\/\/www.teno.cl\/portal2\/wp-json\/wp\/v2\/tags?post=9323"}],"curies":[{"name":"wp","href":"https:\/\/api.w.org\/{rel}","templated":true}]}}