{"id":9268,"date":"2025-05-14T10:45:22","date_gmt":"2025-05-14T13:45:22","guid":{"rendered":"https:\/\/www.teno.cl\/portal2\/?p=9268"},"modified":"2025-05-14T10:45:22","modified_gmt":"2025-05-14T13:45:22","slug":"teno-asegura-millonaria-inversion-para-proyectos-de-agua-potable-rural-y-postula-a-programa-quiero-mi-barrio","status":"publish","type":"post","link":"https:\/\/www.teno.cl\/portal2\/2025\/05\/14\/teno-asegura-millonaria-inversion-para-proyectos-de-agua-potable-rural-y-postula-a-programa-quiero-mi-barrio\/","title":{"rendered":"TENO ASEGURA MILLONARIA INVERSI\u00d3N PARA PROYECTOS DE AGUA POTABLE RURAL Y POSTULA A PROGRAMA &#8220;QUIERO MI BARRIO&#8221;"},"content":{"rendered":"\n<p>En una exitosa gesti\u00f3n con la Direcci\u00f3n de Obras Hidr\u00e1ulicas, la comuna de Teno logr\u00f3 asegurar el financiamiento para varios proyectos de Agua Potable Rural (APR), con una inversi\u00f3n total de 2.850 millones de pesos. Los proyectos beneficiar\u00e1n a los sectores de La Laguna hacia La Ballica, El Manzano y El Culenar, y se espera que los procesos de licitaci\u00f3n comiencen entre junio y julio.<\/p>\n\n\n\n<p>Durante la reuni\u00f3n tambi\u00e9n se discutieron otras iniciativas relevantes, como el proyecto APR El Cisne y el dise\u00f1o del APR Guindo Alto. En conjunto, las obras a licitar este a\u00f1o representan una inversi\u00f3n superior a los 3.900 millones de pesos, lo que permitir\u00e1 mejorar significativamente el acceso al agua potable en \u00e1reas rurales de la comuna.<\/p>\n\n\n\n<p>Adem\u00e1s, en el Ministerio de Vivienda y Urbanismo (MINVU), se present\u00f3 la postulaci\u00f3n del sector La Esperanza al programa &#8220;Quiero Mi Barrio&#8221;, que contempla una intervenci\u00f3n con un presupuesto potencial de 1.500 millones de pesos. Esta iniciativa incluye obras f\u00edsicas, sociales y profesionales para revitalizar la zona y mejorar la calidad de vida de sus habitantes.<\/p>\n\n\n\n<p>La reuni\u00f3n cont\u00f3 con la participaci\u00f3n del Ministro del MINVU, Carlos Montes, la senadora Ximena Rinc\u00f3n y el alcalde de Teno, Wildo Far\u00edas, junto a su equipo Secplac. Las autoridades destacaron la importancia de estas gestiones para impulsar el desarrollo urbano y rural en la comuna.<\/p>\n\n\n\n<p>Con estas iniciativas, Teno avanza en infraestructura esencial y en el fortalecimiento de sus barrios, reafirmando el compromiso de las autoridades con el bienestar de la comunidad.<\/p>\n\n\n\n<p><\/p>\n\n\n\n<p><\/p>\n\n\n\n<p><\/p>\n\n\n\n<div class=\"wp-block-columns is-layout-flex wp-container-core-columns-is-layout-28f84493 wp-block-columns-is-layout-flex\">\n<div class=\"wp-block-column is-vertically-aligned-center is-layout-flow wp-block-column-is-layout-flow\">\n<figure class=\"wp-block-image size-large\"><img fetchpriority=\"high\" decoding=\"async\" width=\"1024\" height=\"819\" src=\"https:\/\/www.teno.cl\/portal2\/wp-content\/uploads\/2025\/05\/496148100_1020529813601875_2914507009290868074_n-1024x819.jpg\" alt=\"\" class=\"wp-image-9269\" srcset=\"https:\/\/www.teno.cl\/portal2\/wp-content\/uploads\/2025\/05\/496148100_1020529813601875_2914507009290868074_n-1024x819.jpg 1024w, https:\/\/www.teno.cl\/portal2\/wp-content\/uploads\/2025\/05\/496148100_1020529813601875_2914507009290868074_n-300x240.jpg 300w, https:\/\/www.teno.cl\/portal2\/wp-content\/uploads\/2025\/05\/496148100_1020529813601875_2914507009290868074_n-768x614.jpg 768w, https:\/\/www.teno.cl\/portal2\/wp-content\/uploads\/2025\/05\/496148100_1020529813601875_2914507009290868074_n.jpg 1350w\" sizes=\"(max-width: 1024px) 100vw, 1024px\" \/><\/figure>\n<\/div>\n\n\n\n<div class=\"wp-block-column is-vertically-aligned-center is-layout-flow wp-block-column-is-layout-flow\">\n<figure class=\"wp-block-image size-large\"><img decoding=\"async\" width=\"1024\" height=\"819\" src=\"https:\/\/www.teno.cl\/portal2\/wp-content\/uploads\/2025\/05\/496477513_1020529796935210_2584420222661905441_n-1024x819.jpg\" alt=\"\" class=\"wp-image-9270\" srcset=\"https:\/\/www.teno.cl\/portal2\/wp-content\/uploads\/2025\/05\/496477513_1020529796935210_2584420222661905441_n-1024x819.jpg 1024w, https:\/\/www.teno.cl\/portal2\/wp-content\/uploads\/2025\/05\/496477513_1020529796935210_2584420222661905441_n-300x240.jpg 300w, https:\/\/www.teno.cl\/portal2\/wp-content\/uploads\/2025\/05\/496477513_1020529796935210_2584420222661905441_n-768x614.jpg 768w, https:\/\/www.teno.cl\/portal2\/wp-content\/uploads\/2025\/05\/496477513_1020529796935210_2584420222661905441_n.jpg 1350w\" sizes=\"(max-width: 1024px) 100vw, 1024px\" \/><\/figure>\n<\/div>\n<\/div>\n\n\n\n<p><\/p>\n","protected":false},"excerpt":{"rendered":"<p>En una exitosa gesti\u00f3n con la Direcci\u00f3n de Obras Hidr\u00e1ulicas, la comuna de Teno logr\u00f3 asegurar el financiamiento para varios proyectos de Agua Potable Rural (APR), con una inversi\u00f3n total de 2.850 millones de pesos. Los proyectos beneficiar\u00e1n a los sectores de La Laguna hacia La Ballica, El Manzano y El Culenar, y se espera &hellip;<\/p>\n<p class=\"read-more\"> <a class=\"\" href=\"https:\/\/www.teno.cl\/portal2\/2025\/05\/14\/teno-asegura-millonaria-inversion-para-proyectos-de-agua-potable-rural-y-postula-a-programa-quiero-mi-barrio\/\"> <span class=\"screen-reader-text\">TENO ASEGURA MILLONARIA INVERSI\u00d3N PARA PROYECTOS DE AGUA POTABLE RURAL Y POSTULA A PROGRAMA &#8220;QUIERO MI BARRIO&#8221;<\/span> Read More &raquo;<\/a><\/p>\n","protected":false},"author":4,"featured_media":9271,"comment_status":"closed","ping_status":"closed","sticky":false,"template":"","format":"standard","meta":{"_uag_custom_page_level_css":"","site-sidebar-layout":"no-sidebar","site-content-layout":"boxed-container","ast-global-header-display":"","ast-main-header-display":"","ast-hfb-above-header-display":"","ast-hfb-below-header-display":"","ast-hfb-mobile-header-display":"","site-post-title":"","ast-breadcrumbs-content":"disabled","ast-featured-img":"disabled","footer-sml-layout":"","theme-transparent-header-meta":"default","adv-header-id-meta":"","stick-header-meta":"","header-above-stick-meta":"","header-main-stick-meta":"","header-below-stick-meta":"","footnotes":""},"categories":[11],"tags":[],"class_list":["post-9268","post","type-post","status-publish","format-standard","has-post-thumbnail","hentry","category-noticias-municipales"],"uagb_featured_image_src":{"full":["https:\/\/www.teno.cl\/portal2\/wp-content\/uploads\/2025\/05\/496436635_1020529793601877_5985158491427076503_n.jpg",1350,1080,false],"thumbnail":["https:\/\/www.teno.cl\/portal2\/wp-content\/uploads\/2025\/05\/496436635_1020529793601877_5985158491427076503_n-150x150.jpg",150,150,true],"medium":["https:\/\/www.teno.cl\/portal2\/wp-content\/uploads\/2025\/05\/496436635_1020529793601877_5985158491427076503_n-300x240.jpg",300,240,true],"medium_large":["https:\/\/www.teno.cl\/portal2\/wp-content\/uploads\/2025\/05\/496436635_1020529793601877_5985158491427076503_n-768x614.jpg",768,614,true],"large":["https:\/\/www.teno.cl\/portal2\/wp-content\/uploads\/2025\/05\/496436635_1020529793601877_5985158491427076503_n-1024x819.jpg",1024,819,true],"1536x1536":["https:\/\/www.teno.cl\/portal2\/wp-content\/uploads\/2025\/05\/496436635_1020529793601877_5985158491427076503_n.jpg",1350,1080,false],"2048x2048":["https:\/\/www.teno.cl\/portal2\/wp-content\/uploads\/2025\/05\/496436635_1020529793601877_5985158491427076503_n.jpg",1350,1080,false]},"uagb_author_info":{"display_name":"Benjamin Reyes","author_link":"https:\/\/www.teno.cl\/portal2\/author\/breyes\/"},"uagb_comment_info":0,"uagb_excerpt":"En una exitosa gesti\u00f3n con la Direcci\u00f3n de Obras Hidr\u00e1ulicas, la comuna de Teno logr\u00f3 asegurar el financiamiento para varios proyectos de Agua Potable Rural (APR), con una inversi\u00f3n total de 2.850 millones de pesos. Los proyectos beneficiar\u00e1n a los sectores de La Laguna hacia La Ballica, El Manzano y El Culenar, y se espera&hellip;","_links":{"self":[{"href":"https:\/\/www.teno.cl\/portal2\/wp-json\/wp\/v2\/posts\/9268","targetHints":{"allow":["GET"]}}],"collection":[{"href":"https:\/\/www.teno.cl\/portal2\/wp-json\/wp\/v2\/posts"}],"about":[{"href":"https:\/\/www.teno.cl\/portal2\/wp-json\/wp\/v2\/types\/post"}],"author":[{"embeddable":true,"href":"https:\/\/www.teno.cl\/portal2\/wp-json\/wp\/v2\/users\/4"}],"replies":[{"embeddable":true,"href":"https:\/\/www.teno.cl\/portal2\/wp-json\/wp\/v2\/comments?post=9268"}],"version-history":[{"count":1,"href":"https:\/\/www.teno.cl\/portal2\/wp-json\/wp\/v2\/posts\/9268\/revisions"}],"predecessor-version":[{"id":9272,"href":"https:\/\/www.teno.cl\/portal2\/wp-json\/wp\/v2\/posts\/9268\/revisions\/9272"}],"wp:featuredmedia":[{"embeddable":true,"href":"https:\/\/www.teno.cl\/portal2\/wp-json\/wp\/v2\/media\/9271"}],"wp:attachment":[{"href":"https:\/\/www.teno.cl\/portal2\/wp-json\/wp\/v2\/media?parent=9268"}],"wp:term":[{"taxonomy":"category","embeddable":true,"href":"https:\/\/www.teno.cl\/portal2\/wp-json\/wp\/v2\/categories?post=9268"},{"taxonomy":"post_tag","embeddable":true,"href":"https:\/\/www.teno.cl\/portal2\/wp-json\/wp\/v2\/tags?post=9268"}],"curies":[{"name":"wp","href":"https:\/\/api.w.org\/{rel}","templated":true}]}}