{"id":9261,"date":"2025-05-14T10:38:47","date_gmt":"2025-05-14T13:38:47","guid":{"rendered":"https:\/\/www.teno.cl\/portal2\/?p=9261"},"modified":"2025-05-14T10:38:47","modified_gmt":"2025-05-14T13:38:47","slug":"impulsamos-la-tenencia-responsable-de-mascotas-con-exitoso-operativo-de-esterilizacion","status":"publish","type":"post","link":"https:\/\/www.teno.cl\/portal2\/2025\/05\/14\/impulsamos-la-tenencia-responsable-de-mascotas-con-exitoso-operativo-de-esterilizacion\/","title":{"rendered":"IMPULSAMOS LA TENENCIA RESPONSABLE DE MASCOTAS CON EXITOSO OPERATIVO DE ESTERILIZACI\u00d3N"},"content":{"rendered":"\n<p>Este fin de semana, Teno avanz\u00f3 en el cuidado responsable de mascotas gracias a un operativo de esterilizaci\u00f3n liderado por la agrupaci\u00f3n ASAC Teno, en colaboraci\u00f3n con otras organizaciones animalistas de la comuna, como Animales Teno. La iniciativa fue posible gracias a la subvenci\u00f3n recientemente aprobada por el alcalde Wildo Far\u00edas y el Concejo Municipal de Teno, demostrando el compromiso de las autoridades locales con el bienestar animal.<\/p>\n\n\n\n<p>Durante la jornada, la Oficina de Medio Ambiente y la agrupaci\u00f3n Manada Teno tambi\u00e9n llevaron a cabo una importante intervenci\u00f3n en el sector de La Aurora. All\u00ed, trasladaron al punto de esterilizaci\u00f3n a seis hembras abandonadas que eran cuidadas por un vecino del sector, pero que no contaban con los controles veterinarios necesarios.<\/p>\n\n\n\n<p>Las autoridades comunales y organizaciones participantes hicieron un llamado a la comunidad para promover la tenencia responsable de mascotas. Subrayaron la importancia de garantizar el bienestar de los animales mediante la esterilizaci\u00f3n, evitando as\u00ed la reproducci\u00f3n descontrolada y previniendo efectos negativos en la salud p\u00fablica.<\/p>\n\n\n\n<p>Este operativo representa un avance significativo en la gesti\u00f3n comunitaria de los animales de compa\u00f1\u00eda y reafirma el compromiso de Teno con el cuidado y protecci\u00f3n de las mascotas.<\/p>\n\n\n\n<p><\/p>\n\n\n\n<p><\/p>\n\n\n\n<p><\/p>\n\n\n\n<div class=\"wp-block-columns is-layout-flex wp-container-core-columns-is-layout-28f84493 wp-block-columns-is-layout-flex\">\n<div class=\"wp-block-column is-vertically-aligned-center is-layout-flow wp-block-column-is-layout-flow\">\n<figure class=\"wp-block-image size-large\"><img fetchpriority=\"high\" decoding=\"async\" width=\"1024\" height=\"819\" src=\"https:\/\/www.teno.cl\/portal2\/wp-content\/uploads\/2025\/05\/496064957_1020205920300931_3362421309145259701_n-1024x819.jpg\" alt=\"\" class=\"wp-image-9262\" srcset=\"https:\/\/www.teno.cl\/portal2\/wp-content\/uploads\/2025\/05\/496064957_1020205920300931_3362421309145259701_n-1024x819.jpg 1024w, https:\/\/www.teno.cl\/portal2\/wp-content\/uploads\/2025\/05\/496064957_1020205920300931_3362421309145259701_n-300x240.jpg 300w, https:\/\/www.teno.cl\/portal2\/wp-content\/uploads\/2025\/05\/496064957_1020205920300931_3362421309145259701_n-768x614.jpg 768w, https:\/\/www.teno.cl\/portal2\/wp-content\/uploads\/2025\/05\/496064957_1020205920300931_3362421309145259701_n.jpg 1350w\" sizes=\"(max-width: 1024px) 100vw, 1024px\" \/><\/figure>\n<\/div>\n\n\n\n<div class=\"wp-block-column is-vertically-aligned-center is-layout-flow wp-block-column-is-layout-flow\">\n<figure class=\"wp-block-image size-large\"><img decoding=\"async\" width=\"1024\" height=\"819\" src=\"https:\/\/www.teno.cl\/portal2\/wp-content\/uploads\/2025\/05\/497679673_1020205883634268_4416510605672814275_n-1024x819.jpg\" alt=\"\" class=\"wp-image-9263\" srcset=\"https:\/\/www.teno.cl\/portal2\/wp-content\/uploads\/2025\/05\/497679673_1020205883634268_4416510605672814275_n-1024x819.jpg 1024w, https:\/\/www.teno.cl\/portal2\/wp-content\/uploads\/2025\/05\/497679673_1020205883634268_4416510605672814275_n-300x240.jpg 300w, https:\/\/www.teno.cl\/portal2\/wp-content\/uploads\/2025\/05\/497679673_1020205883634268_4416510605672814275_n-768x614.jpg 768w, https:\/\/www.teno.cl\/portal2\/wp-content\/uploads\/2025\/05\/497679673_1020205883634268_4416510605672814275_n.jpg 1350w\" sizes=\"(max-width: 1024px) 100vw, 1024px\" \/><\/figure>\n<\/div>\n\n\n\n<div class=\"wp-block-column is-vertically-aligned-center is-layout-flow wp-block-column-is-layout-flow\">\n<figure class=\"wp-block-image size-large\"><img decoding=\"async\" width=\"1024\" height=\"819\" src=\"https:\/\/www.teno.cl\/portal2\/wp-content\/uploads\/2025\/05\/497730885_1020205856967604_1204274638560735683_n-1024x819.jpg\" alt=\"\" class=\"wp-image-9264\" srcset=\"https:\/\/www.teno.cl\/portal2\/wp-content\/uploads\/2025\/05\/497730885_1020205856967604_1204274638560735683_n-1024x819.jpg 1024w, https:\/\/www.teno.cl\/portal2\/wp-content\/uploads\/2025\/05\/497730885_1020205856967604_1204274638560735683_n-300x240.jpg 300w, https:\/\/www.teno.cl\/portal2\/wp-content\/uploads\/2025\/05\/497730885_1020205856967604_1204274638560735683_n-768x614.jpg 768w, https:\/\/www.teno.cl\/portal2\/wp-content\/uploads\/2025\/05\/497730885_1020205856967604_1204274638560735683_n.jpg 1350w\" sizes=\"(max-width: 1024px) 100vw, 1024px\" \/><\/figure>\n<\/div>\n<\/div>\n\n\n\n<p><\/p>\n","protected":false},"excerpt":{"rendered":"<p>Este fin de semana, Teno avanz\u00f3 en el cuidado responsable de mascotas gracias a un operativo de esterilizaci\u00f3n liderado por la agrupaci\u00f3n ASAC Teno, en colaboraci\u00f3n con otras organizaciones animalistas de la comuna, como Animales Teno. La iniciativa fue posible gracias a la subvenci\u00f3n recientemente aprobada por el alcalde Wildo Far\u00edas y el Concejo Municipal &hellip;<\/p>\n<p class=\"read-more\"> <a class=\"\" href=\"https:\/\/www.teno.cl\/portal2\/2025\/05\/14\/impulsamos-la-tenencia-responsable-de-mascotas-con-exitoso-operativo-de-esterilizacion\/\"> <span class=\"screen-reader-text\">IMPULSAMOS LA TENENCIA RESPONSABLE DE MASCOTAS CON EXITOSO OPERATIVO DE ESTERILIZACI\u00d3N<\/span> Read More &raquo;<\/a><\/p>\n","protected":false},"author":4,"featured_media":9265,"comment_status":"closed","ping_status":"closed","sticky":false,"template":"","format":"standard","meta":{"_uag_custom_page_level_css":"","site-sidebar-layout":"no-sidebar","site-content-layout":"boxed-container","ast-global-header-display":"","ast-main-header-display":"","ast-hfb-above-header-display":"","ast-hfb-below-header-display":"","ast-hfb-mobile-header-display":"","site-post-title":"","ast-breadcrumbs-content":"disabled","ast-featured-img":"disabled","footer-sml-layout":"","theme-transparent-header-meta":"default","adv-header-id-meta":"","stick-header-meta":"","header-above-stick-meta":"","header-main-stick-meta":"","header-below-stick-meta":"","footnotes":""},"categories":[11],"tags":[],"class_list":["post-9261","post","type-post","status-publish","format-standard","has-post-thumbnail","hentry","category-noticias-municipales"],"uagb_featured_image_src":{"full":["https:\/\/www.teno.cl\/portal2\/wp-content\/uploads\/2025\/05\/497455105_1020205886967601_3538051490384665055_n.jpg",1350,1080,false],"thumbnail":["https:\/\/www.teno.cl\/portal2\/wp-content\/uploads\/2025\/05\/497455105_1020205886967601_3538051490384665055_n-150x150.jpg",150,150,true],"medium":["https:\/\/www.teno.cl\/portal2\/wp-content\/uploads\/2025\/05\/497455105_1020205886967601_3538051490384665055_n-300x240.jpg",300,240,true],"medium_large":["https:\/\/www.teno.cl\/portal2\/wp-content\/uploads\/2025\/05\/497455105_1020205886967601_3538051490384665055_n-768x614.jpg",768,614,true],"large":["https:\/\/www.teno.cl\/portal2\/wp-content\/uploads\/2025\/05\/497455105_1020205886967601_3538051490384665055_n-1024x819.jpg",1024,819,true],"1536x1536":["https:\/\/www.teno.cl\/portal2\/wp-content\/uploads\/2025\/05\/497455105_1020205886967601_3538051490384665055_n.jpg",1350,1080,false],"2048x2048":["https:\/\/www.teno.cl\/portal2\/wp-content\/uploads\/2025\/05\/497455105_1020205886967601_3538051490384665055_n.jpg",1350,1080,false]},"uagb_author_info":{"display_name":"Benjamin Reyes","author_link":"https:\/\/www.teno.cl\/portal2\/author\/breyes\/"},"uagb_comment_info":0,"uagb_excerpt":"Este fin de semana, Teno avanz\u00f3 en el cuidado responsable de mascotas gracias a un operativo de esterilizaci\u00f3n liderado por la agrupaci\u00f3n ASAC Teno, en colaboraci\u00f3n con otras organizaciones animalistas de la comuna, como Animales Teno. La iniciativa fue posible gracias a la subvenci\u00f3n recientemente aprobada por el alcalde Wildo Far\u00edas y el Concejo Municipal&hellip;","_links":{"self":[{"href":"https:\/\/www.teno.cl\/portal2\/wp-json\/wp\/v2\/posts\/9261","targetHints":{"allow":["GET"]}}],"collection":[{"href":"https:\/\/www.teno.cl\/portal2\/wp-json\/wp\/v2\/posts"}],"about":[{"href":"https:\/\/www.teno.cl\/portal2\/wp-json\/wp\/v2\/types\/post"}],"author":[{"embeddable":true,"href":"https:\/\/www.teno.cl\/portal2\/wp-json\/wp\/v2\/users\/4"}],"replies":[{"embeddable":true,"href":"https:\/\/www.teno.cl\/portal2\/wp-json\/wp\/v2\/comments?post=9261"}],"version-history":[{"count":1,"href":"https:\/\/www.teno.cl\/portal2\/wp-json\/wp\/v2\/posts\/9261\/revisions"}],"predecessor-version":[{"id":9266,"href":"https:\/\/www.teno.cl\/portal2\/wp-json\/wp\/v2\/posts\/9261\/revisions\/9266"}],"wp:featuredmedia":[{"embeddable":true,"href":"https:\/\/www.teno.cl\/portal2\/wp-json\/wp\/v2\/media\/9265"}],"wp:attachment":[{"href":"https:\/\/www.teno.cl\/portal2\/wp-json\/wp\/v2\/media?parent=9261"}],"wp:term":[{"taxonomy":"category","embeddable":true,"href":"https:\/\/www.teno.cl\/portal2\/wp-json\/wp\/v2\/categories?post=9261"},{"taxonomy":"post_tag","embeddable":true,"href":"https:\/\/www.teno.cl\/portal2\/wp-json\/wp\/v2\/tags?post=9261"}],"curies":[{"name":"wp","href":"https:\/\/api.w.org\/{rel}","templated":true}]}}