{"id":9255,"date":"2025-05-14T10:34:08","date_gmt":"2025-05-14T13:34:08","guid":{"rendered":"https:\/\/www.teno.cl\/portal2\/?p=9255"},"modified":"2025-05-14T10:34:08","modified_gmt":"2025-05-14T13:34:08","slug":"teno-celebra-el-dia-de-la-madre-con-musica-alegria-y-emociones","status":"publish","type":"post","link":"https:\/\/www.teno.cl\/portal2\/2025\/05\/14\/teno-celebra-el-dia-de-la-madre-con-musica-alegria-y-emociones\/","title":{"rendered":"TENO CELEBRA EL D\u00cdA DE LA MADRE CON M\u00daSICA, ALEGR\u00cdA Y EMOCIONES"},"content":{"rendered":"\n<p>Con un ambiente lleno de emoci\u00f3n, m\u00fasica y mucho amor, el Gimnasio Municipal de Teno se convirti\u00f3 en el epicentro de la celebraci\u00f3n del D\u00eda de la Madre. El evento, organizado por la comuna, reuni\u00f3 a vecinas, vecinos y autoridades locales en un c\u00e1lido homenaje a quienes nos dieron la vida: las madres.<\/p>\n\n\n\n<p>El alcalde de Teno, Wildo Far\u00edas, encabez\u00f3 la celebraci\u00f3n junto al diputado Jorge Guzm\u00e1n, el diputado Hugo Rey, la consejera regional Mirtha Segura y los concejales Mar\u00eda Jos\u00e9 Sol\u00eds, Mat\u00edas D\u00edaz y Jos\u00e9 Mel\u00e9ndez. Todos ellos participaron con entusiasmo y expresaron su admiraci\u00f3n y gratitud hacia las madres de la comuna.<\/p>\n\n\n\n<p>El momento m\u00e1s esperado de la jornada lleg\u00f3 con la presentaci\u00f3n del doble oficial de Raphael de Espa\u00f1a, quien cautiv\u00f3 al p\u00fablico con su voz, carisma y un repertorio cargado de nostalgia. Sus interpretaciones hicieron cantar, aplaudir y emocionar a todos los presentes, poniendo el broche de oro a una jornada inolvidable.<\/p>\n\n\n\n<p>Desde el municipio, se destac\u00f3 la importancia de rendir homenaje a las madres, reconociendo el valor de su amor infinito y su entrega incondicional. La comunidad de Teno vivi\u00f3 una jornada llena de emociones, celebrando con el coraz\u00f3n a quienes son el pilar fundamental de las familias.<\/p>\n\n\n\n<p><\/p>\n\n\n\n<p><\/p>\n\n\n\n<p><\/p>\n\n\n\n<div class=\"wp-block-columns is-layout-flex wp-container-core-columns-is-layout-28f84493 wp-block-columns-is-layout-flex\">\n<div class=\"wp-block-column is-vertically-aligned-center is-layout-flow wp-block-column-is-layout-flow\">\n<figure class=\"wp-block-image size-large\"><img fetchpriority=\"high\" decoding=\"async\" width=\"1024\" height=\"768\" src=\"https:\/\/www.teno.cl\/portal2\/wp-content\/uploads\/2025\/05\/5-1024x768.jpg\" alt=\"\" class=\"wp-image-9256\" srcset=\"https:\/\/www.teno.cl\/portal2\/wp-content\/uploads\/2025\/05\/5-1024x768.jpg 1024w, https:\/\/www.teno.cl\/portal2\/wp-content\/uploads\/2025\/05\/5-300x225.jpg 300w, https:\/\/www.teno.cl\/portal2\/wp-content\/uploads\/2025\/05\/5-768x576.jpg 768w, https:\/\/www.teno.cl\/portal2\/wp-content\/uploads\/2025\/05\/5-1536x1152.jpg 1536w, https:\/\/www.teno.cl\/portal2\/wp-content\/uploads\/2025\/05\/5.jpg 2048w\" sizes=\"(max-width: 1024px) 100vw, 1024px\" \/><\/figure>\n<\/div>\n\n\n\n<div class=\"wp-block-column is-vertically-aligned-center is-layout-flow wp-block-column-is-layout-flow\">\n<figure class=\"wp-block-image size-large\"><img decoding=\"async\" width=\"1024\" height=\"768\" src=\"https:\/\/www.teno.cl\/portal2\/wp-content\/uploads\/2025\/05\/7-1024x768.jpg\" alt=\"\" class=\"wp-image-9257\" srcset=\"https:\/\/www.teno.cl\/portal2\/wp-content\/uploads\/2025\/05\/7-1024x768.jpg 1024w, https:\/\/www.teno.cl\/portal2\/wp-content\/uploads\/2025\/05\/7-300x225.jpg 300w, https:\/\/www.teno.cl\/portal2\/wp-content\/uploads\/2025\/05\/7-768x576.jpg 768w, https:\/\/www.teno.cl\/portal2\/wp-content\/uploads\/2025\/05\/7-1536x1152.jpg 1536w, https:\/\/www.teno.cl\/portal2\/wp-content\/uploads\/2025\/05\/7.jpg 2048w\" sizes=\"(max-width: 1024px) 100vw, 1024px\" \/><\/figure>\n<\/div>\n\n\n\n<div class=\"wp-block-column is-vertically-aligned-center is-layout-flow wp-block-column-is-layout-flow\">\n<figure class=\"wp-block-image size-large\"><img decoding=\"async\" width=\"1024\" height=\"768\" src=\"https:\/\/www.teno.cl\/portal2\/wp-content\/uploads\/2025\/05\/6-1024x768.jpg\" alt=\"\" class=\"wp-image-9258\" srcset=\"https:\/\/www.teno.cl\/portal2\/wp-content\/uploads\/2025\/05\/6-1024x768.jpg 1024w, https:\/\/www.teno.cl\/portal2\/wp-content\/uploads\/2025\/05\/6-300x225.jpg 300w, https:\/\/www.teno.cl\/portal2\/wp-content\/uploads\/2025\/05\/6-768x576.jpg 768w, https:\/\/www.teno.cl\/portal2\/wp-content\/uploads\/2025\/05\/6-1536x1152.jpg 1536w, https:\/\/www.teno.cl\/portal2\/wp-content\/uploads\/2025\/05\/6.jpg 2048w\" sizes=\"(max-width: 1024px) 100vw, 1024px\" \/><\/figure>\n<\/div>\n<\/div>\n\n\n\n<p><\/p>\n","protected":false},"excerpt":{"rendered":"<p>Con un ambiente lleno de emoci\u00f3n, m\u00fasica y mucho amor, el Gimnasio Municipal de Teno se convirti\u00f3 en el epicentro de la celebraci\u00f3n del D\u00eda de la Madre. El evento, organizado por la comuna, reuni\u00f3 a vecinas, vecinos y autoridades locales en un c\u00e1lido homenaje a quienes nos dieron la vida: las madres. El alcalde &hellip;<\/p>\n<p class=\"read-more\"> <a class=\"\" href=\"https:\/\/www.teno.cl\/portal2\/2025\/05\/14\/teno-celebra-el-dia-de-la-madre-con-musica-alegria-y-emociones\/\"> <span class=\"screen-reader-text\">TENO CELEBRA EL D\u00cdA DE LA MADRE CON M\u00daSICA, ALEGR\u00cdA Y EMOCIONES<\/span> Read More &raquo;<\/a><\/p>\n","protected":false},"author":4,"featured_media":9259,"comment_status":"closed","ping_status":"closed","sticky":false,"template":"","format":"standard","meta":{"_uag_custom_page_level_css":"","site-sidebar-layout":"no-sidebar","site-content-layout":"boxed-container","ast-global-header-display":"","ast-main-header-display":"","ast-hfb-above-header-display":"","ast-hfb-below-header-display":"","ast-hfb-mobile-header-display":"","site-post-title":"","ast-breadcrumbs-content":"disabled","ast-featured-img":"disabled","footer-sml-layout":"","theme-transparent-header-meta":"default","adv-header-id-meta":"","stick-header-meta":"","header-above-stick-meta":"","header-main-stick-meta":"","header-below-stick-meta":"","footnotes":""},"categories":[11],"tags":[],"class_list":["post-9255","post","type-post","status-publish","format-standard","has-post-thumbnail","hentry","category-noticias-municipales"],"uagb_featured_image_src":{"full":["https:\/\/www.teno.cl\/portal2\/wp-content\/uploads\/2025\/05\/9.jpg",2048,1536,false],"thumbnail":["https:\/\/www.teno.cl\/portal2\/wp-content\/uploads\/2025\/05\/9-150x150.jpg",150,150,true],"medium":["https:\/\/www.teno.cl\/portal2\/wp-content\/uploads\/2025\/05\/9-300x225.jpg",300,225,true],"medium_large":["https:\/\/www.teno.cl\/portal2\/wp-content\/uploads\/2025\/05\/9-768x576.jpg",768,576,true],"large":["https:\/\/www.teno.cl\/portal2\/wp-content\/uploads\/2025\/05\/9-1024x768.jpg",1024,768,true],"1536x1536":["https:\/\/www.teno.cl\/portal2\/wp-content\/uploads\/2025\/05\/9-1536x1152.jpg",1536,1152,true],"2048x2048":["https:\/\/www.teno.cl\/portal2\/wp-content\/uploads\/2025\/05\/9.jpg",2048,1536,false]},"uagb_author_info":{"display_name":"Benjamin Reyes","author_link":"https:\/\/www.teno.cl\/portal2\/author\/breyes\/"},"uagb_comment_info":0,"uagb_excerpt":"Con un ambiente lleno de emoci\u00f3n, m\u00fasica y mucho amor, el Gimnasio Municipal de Teno se convirti\u00f3 en el epicentro de la celebraci\u00f3n del D\u00eda de la Madre. El evento, organizado por la comuna, reuni\u00f3 a vecinas, vecinos y autoridades locales en un c\u00e1lido homenaje a quienes nos dieron la vida: las madres. El alcalde&hellip;","_links":{"self":[{"href":"https:\/\/www.teno.cl\/portal2\/wp-json\/wp\/v2\/posts\/9255","targetHints":{"allow":["GET"]}}],"collection":[{"href":"https:\/\/www.teno.cl\/portal2\/wp-json\/wp\/v2\/posts"}],"about":[{"href":"https:\/\/www.teno.cl\/portal2\/wp-json\/wp\/v2\/types\/post"}],"author":[{"embeddable":true,"href":"https:\/\/www.teno.cl\/portal2\/wp-json\/wp\/v2\/users\/4"}],"replies":[{"embeddable":true,"href":"https:\/\/www.teno.cl\/portal2\/wp-json\/wp\/v2\/comments?post=9255"}],"version-history":[{"count":1,"href":"https:\/\/www.teno.cl\/portal2\/wp-json\/wp\/v2\/posts\/9255\/revisions"}],"predecessor-version":[{"id":9260,"href":"https:\/\/www.teno.cl\/portal2\/wp-json\/wp\/v2\/posts\/9255\/revisions\/9260"}],"wp:featuredmedia":[{"embeddable":true,"href":"https:\/\/www.teno.cl\/portal2\/wp-json\/wp\/v2\/media\/9259"}],"wp:attachment":[{"href":"https:\/\/www.teno.cl\/portal2\/wp-json\/wp\/v2\/media?parent=9255"}],"wp:term":[{"taxonomy":"category","embeddable":true,"href":"https:\/\/www.teno.cl\/portal2\/wp-json\/wp\/v2\/categories?post=9255"},{"taxonomy":"post_tag","embeddable":true,"href":"https:\/\/www.teno.cl\/portal2\/wp-json\/wp\/v2\/tags?post=9255"}],"curies":[{"name":"wp","href":"https:\/\/api.w.org\/{rel}","templated":true}]}}