{"id":9127,"date":"2025-05-08T16:51:02","date_gmt":"2025-05-08T19:51:02","guid":{"rendered":"https:\/\/www.teno.cl\/portal2\/?p=9127"},"modified":"2025-05-08T17:49:33","modified_gmt":"2025-05-08T20:49:33","slug":"celebramos-el-dia-del-trabajador-con-sentido-y-reconocimiento","status":"publish","type":"post","link":"https:\/\/www.teno.cl\/portal2\/2025\/05\/08\/celebramos-el-dia-del-trabajador-con-sentido-y-reconocimiento\/","title":{"rendered":"CELEBRAMOS EL D\u00cdA DEL TRABAJADOR CON SENTIDO Y RECONOCIMIENTO"},"content":{"rendered":"\n<p class=\"has-ast-global-color-8-color has-ast-global-color-4-background-color has-text-color has-background has-link-color wp-elements-94a738298aad1b8fbbc29017ae877d34\"><strong><em>Por primera vez, en el marco del D\u00eda del Trabajador, desde OMIL Teno, junto a nuestro municipio, realizamos una emotiva y significativa actividad que recorri\u00f3 diversas empresas de nuestra comuna<\/em><\/strong><\/p>\n\n\n\n<p>A cada persona reconocida le entregamos un peque\u00f1o obsequio y, sobre todo, un gran GRACIAS por su dedicaci\u00f3n diaria que mueve a Teno hacia adelante.<\/p>\n\n\n\n<p>Las empresas que se sumaron a esta linda iniciativa fueron:<\/p>\n\n\n\n<p class=\"has-text-align-left\">Visitamos a empresas que colaboran estrechamente con nuestra Oficina de Intermediaci\u00f3n Laboral Municipal, con un objetivo muy especial: invitar a cada empresa a destacar a un trabajador o trabajadora por su trayectoria, compromiso y valiosas cualidades.<\/p>\n\n\n\n<ul class=\"wp-block-list\">\n<li><a href=\"https:\/\/www.instagram.com\/planta_andinexia\/?hl=es\"> Exportadora Andinexia<\/a>, Rodrigo Far\u00edas Rojas<\/li>\n\n\n\n<li><a href=\"https:\/\/www.unifrutti.com\/\">UNIFRUTTI<\/a>, Enrique Lizama Pe\u00f1a<\/li>\n\n\n\n<li>Procesadora Teno Norte, Carlos Retamal Valderrama<\/li>\n\n\n\n<li><a href=\"https:\/\/purina.cl\/purina\">Nestl\u00e9 Purina<\/a>, Ninoska Correa Ib\u00e1\u00f1ez<\/li>\n\n\n\n<li>Ferreter\u00eda Don Ferm\u00edn, Gladys Donoso Fredes<\/li>\n\n\n\n<li>Supermercado El 9, Luz Vergara Castro<\/li>\n\n\n\n<li>JYL SpA, Francisco Y\u00e1\u00f1ez Moreno<\/li>\n\n\n\n<li><a href=\"https:\/\/www.copefrut.com\/\">Copefrut<\/a> (Cenkiwi), Eliana Herrera Arias<\/li>\n\n\n\n<li><a href=\"https:\/\/cbb.cl\/\">Empresa CBB<\/a>, Juan Carlos Cruz Sol\u00eds<\/li>\n<\/ul>\n\n\n\n<ul class=\"wp-block-list\">\n<li><a href=\"https:\/\/www.instagram.com\/freshpakteno\/?hl=es-la\">Fresh Pak<\/a>, Eduardo D\u00edaz Rodr\u00edguez<\/li>\n<\/ul>\n\n\n\n<div class=\"wp-block-uagb-icon-list uagb-block-17faf4bd\"><div class=\"uagb-icon-list__wrap\"><\/div><\/div>\n\n\n\n<p>\u00a1Gracias a cada trabajador y trabajadora por su esfuerzo constante, seguimos construyendo comunidad con orgullo y compromiso laboral!<\/p>\n\n\n\n<div class=\"wp-block-columns is-layout-flex wp-container-core-columns-is-layout-28f84493 wp-block-columns-is-layout-flex\">\n<div class=\"wp-block-column is-vertically-aligned-center is-layout-flow wp-block-column-is-layout-flow\">\n<div class=\"wp-block-uagb-image uagb-block-ef5268db wp-block-uagb-image--layout-default wp-block-uagb-image--effect-static wp-block-uagb-image--align-none\"><figure class=\"wp-block-uagb-image__figure\"><img loading=\"lazy\" decoding=\"async\" src=\"https:\/\/www.teno.cl\/portal2\/wp-content\/uploads\/2025\/05\/DSC01541-1024x683.jpg\" alt=\"OMIL Destaca a trabajadores de distintas empresas de Teno\" class=\"uag-image-9125\" width=\"1024\" height=\"684\" title=\"DSC01541\" loading=\"lazy\" role=\"img\" \/><\/figure><\/div>\n<\/div>\n\n\n\n<div class=\"wp-block-column is-vertically-aligned-center is-layout-flow wp-block-column-is-layout-flow\">\n<figure class=\"wp-block-image size-large\"><img fetchpriority=\"high\" decoding=\"async\" width=\"1024\" height=\"683\" src=\"http:\/\/www.teno.cl\/portal2\/wp-content\/uploads\/2025\/05\/DSC01568-1024x683.jpg\" alt=\"\" class=\"wp-image-9128\" srcset=\"https:\/\/www.teno.cl\/portal2\/wp-content\/uploads\/2025\/05\/DSC01568-1024x683.jpg 1024w, https:\/\/www.teno.cl\/portal2\/wp-content\/uploads\/2025\/05\/DSC01568-300x200.jpg 300w, https:\/\/www.teno.cl\/portal2\/wp-content\/uploads\/2025\/05\/DSC01568-768x512.jpg 768w, https:\/\/www.teno.cl\/portal2\/wp-content\/uploads\/2025\/05\/DSC01568-1536x1024.jpg 1536w, https:\/\/www.teno.cl\/portal2\/wp-content\/uploads\/2025\/05\/DSC01568-2048x1365.jpg 2048w\" sizes=\"(max-width: 1024px) 100vw, 1024px\" \/><\/figure>\n<\/div>\n\n\n\n<div class=\"wp-block-column is-vertically-aligned-center is-layout-flow wp-block-column-is-layout-flow\">\n<figure class=\"wp-block-image size-large\"><img decoding=\"async\" width=\"1024\" height=\"683\" src=\"http:\/\/www.teno.cl\/portal2\/wp-content\/uploads\/2025\/05\/DSC01556-1024x683.jpg\" alt=\"\" class=\"wp-image-9129\" srcset=\"https:\/\/www.teno.cl\/portal2\/wp-content\/uploads\/2025\/05\/DSC01556-1024x683.jpg 1024w, https:\/\/www.teno.cl\/portal2\/wp-content\/uploads\/2025\/05\/DSC01556-300x200.jpg 300w, https:\/\/www.teno.cl\/portal2\/wp-content\/uploads\/2025\/05\/DSC01556-768x512.jpg 768w, https:\/\/www.teno.cl\/portal2\/wp-content\/uploads\/2025\/05\/DSC01556-1536x1024.jpg 1536w, https:\/\/www.teno.cl\/portal2\/wp-content\/uploads\/2025\/05\/DSC01556-2048x1365.jpg 2048w\" sizes=\"(max-width: 1024px) 100vw, 1024px\" \/><\/figure>\n<\/div>\n<\/div>\n\n\n\n<p><\/p>\n","protected":false},"excerpt":{"rendered":"<p>Por primera vez, en el marco del D\u00eda del Trabajador, desde OMIL Teno, junto a nuestro municipio, realizamos una emotiva y significativa actividad que recorri\u00f3 diversas empresas de nuestra comuna A cada persona reconocida le entregamos un peque\u00f1o obsequio y, sobre todo, un gran GRACIAS por su dedicaci\u00f3n diaria que mueve a Teno hacia adelante. &hellip;<\/p>\n<p class=\"read-more\"> <a class=\"\" href=\"https:\/\/www.teno.cl\/portal2\/2025\/05\/08\/celebramos-el-dia-del-trabajador-con-sentido-y-reconocimiento\/\"> <span class=\"screen-reader-text\">CELEBRAMOS EL D\u00cdA DEL TRABAJADOR CON SENTIDO Y RECONOCIMIENTO<\/span> Read More &raquo;<\/a><\/p>\n","protected":false},"author":3,"featured_media":9130,"comment_status":"closed","ping_status":"closed","sticky":false,"template":"","format":"standard","meta":{"_uag_custom_page_level_css":"","site-sidebar-layout":"no-sidebar","site-content-layout":"boxed-container","ast-global-header-display":"","ast-main-header-display":"","ast-hfb-above-header-display":null,"ast-hfb-below-header-display":null,"ast-hfb-mobile-header-display":null,"site-post-title":"","ast-breadcrumbs-content":"disabled","ast-featured-img":"disabled","footer-sml-layout":"","theme-transparent-header-meta":"default","adv-header-id-meta":null,"stick-header-meta":null,"header-above-stick-meta":null,"header-main-stick-meta":null,"header-below-stick-meta":null,"footnotes":""},"categories":[11],"tags":[25,9,20,22,10,19],"class_list":["post-9127","post","type-post","status-publish","format-standard","has-post-thumbnail","hentry","category-noticias-municipales","tag-dideco","tag-municipalidad-de-teno","tag-omil","tag-omil-teno","tag-teno","tag-wildo-farias"],"uagb_featured_image_src":{"full":["https:\/\/www.teno.cl\/portal2\/wp-content\/uploads\/2025\/05\/WhatsApp-Image-2025-05-07-at-12.35.36.jpeg",1280,960,false],"thumbnail":["https:\/\/www.teno.cl\/portal2\/wp-content\/uploads\/2025\/05\/WhatsApp-Image-2025-05-07-at-12.35.36-150x150.jpeg",150,150,true],"medium":["https:\/\/www.teno.cl\/portal2\/wp-content\/uploads\/2025\/05\/WhatsApp-Image-2025-05-07-at-12.35.36-300x225.jpeg",300,225,true],"medium_large":["https:\/\/www.teno.cl\/portal2\/wp-content\/uploads\/2025\/05\/WhatsApp-Image-2025-05-07-at-12.35.36-768x576.jpeg",768,576,true],"large":["https:\/\/www.teno.cl\/portal2\/wp-content\/uploads\/2025\/05\/WhatsApp-Image-2025-05-07-at-12.35.36-1024x768.jpeg",1024,768,true],"1536x1536":["https:\/\/www.teno.cl\/portal2\/wp-content\/uploads\/2025\/05\/WhatsApp-Image-2025-05-07-at-12.35.36.jpeg",1280,960,false],"2048x2048":["https:\/\/www.teno.cl\/portal2\/wp-content\/uploads\/2025\/05\/WhatsApp-Image-2025-05-07-at-12.35.36.jpeg",1280,960,false]},"uagb_author_info":{"display_name":"Mar\u00eda Jos\u00e9 Corrales","author_link":"https:\/\/www.teno.cl\/portal2\/author\/mjcorrales\/"},"uagb_comment_info":0,"uagb_excerpt":"Por primera vez, en el marco del D\u00eda del Trabajador, desde OMIL Teno, junto a nuestro municipio, realizamos una emotiva y significativa actividad que recorri\u00f3 diversas empresas de nuestra comuna A cada persona reconocida le entregamos un peque\u00f1o obsequio y, sobre todo, un gran GRACIAS por su dedicaci\u00f3n diaria que mueve a Teno hacia adelante.&hellip;","_links":{"self":[{"href":"https:\/\/www.teno.cl\/portal2\/wp-json\/wp\/v2\/posts\/9127","targetHints":{"allow":["GET"]}}],"collection":[{"href":"https:\/\/www.teno.cl\/portal2\/wp-json\/wp\/v2\/posts"}],"about":[{"href":"https:\/\/www.teno.cl\/portal2\/wp-json\/wp\/v2\/types\/post"}],"author":[{"embeddable":true,"href":"https:\/\/www.teno.cl\/portal2\/wp-json\/wp\/v2\/users\/3"}],"replies":[{"embeddable":true,"href":"https:\/\/www.teno.cl\/portal2\/wp-json\/wp\/v2\/comments?post=9127"}],"version-history":[{"count":7,"href":"https:\/\/www.teno.cl\/portal2\/wp-json\/wp\/v2\/posts\/9127\/revisions"}],"predecessor-version":[{"id":9138,"href":"https:\/\/www.teno.cl\/portal2\/wp-json\/wp\/v2\/posts\/9127\/revisions\/9138"}],"wp:featuredmedia":[{"embeddable":true,"href":"https:\/\/www.teno.cl\/portal2\/wp-json\/wp\/v2\/media\/9130"}],"wp:attachment":[{"href":"https:\/\/www.teno.cl\/portal2\/wp-json\/wp\/v2\/media?parent=9127"}],"wp:term":[{"taxonomy":"category","embeddable":true,"href":"https:\/\/www.teno.cl\/portal2\/wp-json\/wp\/v2\/categories?post=9127"},{"taxonomy":"post_tag","embeddable":true,"href":"https:\/\/www.teno.cl\/portal2\/wp-json\/wp\/v2\/tags?post=9127"}],"curies":[{"name":"wp","href":"https:\/\/api.w.org\/{rel}","templated":true}]}}