{"id":9100,"date":"2025-05-07T13:02:59","date_gmt":"2025-05-07T16:02:59","guid":{"rendered":"https:\/\/www.teno.cl\/portal2\/?p=9100"},"modified":"2025-05-08T17:49:43","modified_gmt":"2025-05-08T20:49:43","slug":"finaliza-con-exito-el-taller-inclusivo-de-decoupage-en-la-comuna","status":"publish","type":"post","link":"https:\/\/www.teno.cl\/portal2\/2025\/05\/07\/finaliza-con-exito-el-taller-inclusivo-de-decoupage-en-la-comuna\/","title":{"rendered":"FINALIZA CON \u00c9XITO EL TALLER INCLUSIVO DE DECOUPAGE EN LA COMUNA"},"content":{"rendered":"\n<p>Con gran entusiasmo, se dio por finalizado el Taller Inclusivo de Decoupage, impulsado por la Oficina de la Inclusi\u00f3n Social y Discapacidad. Esta iniciativa tuvo como principal objetivo promover espacios de desarrollo, bienestar y participaci\u00f3n activa para personas con discapacidad de la comuna.<\/p>\n\n\n\n<p>El taller cont\u00f3 con la participaci\u00f3n de 15 personas inscritas en el Registro Nacional de la Discapacidad, quienes asistieron a ocho sesiones llenas de creatividad, aprendizaje y compa\u00f1erismo. Los participantes demostraron un alto compromiso y entusiasmo, consolidando el \u00e9xito de esta actividad comunitaria.<\/p>\n\n\n\n<p>La realizaci\u00f3n de este taller reafirma el compromiso de la comuna por seguir construyendo un espacio m\u00e1s justo, accesible e inclusivo para todos sus habitantes.<\/p>\n\n\n\n<p><\/p>\n\n\n\n<p><\/p>\n\n\n\n<div class=\"wp-block-columns is-layout-flex wp-container-core-columns-is-layout-28f84493 wp-block-columns-is-layout-flex\">\n<div class=\"wp-block-column is-vertically-aligned-center is-layout-flow wp-block-column-is-layout-flow\">\n<figure class=\"wp-block-image size-large\"><img fetchpriority=\"high\" decoding=\"async\" width=\"1024\" height=\"684\" src=\"https:\/\/www.teno.cl\/portal2\/wp-content\/uploads\/2025\/05\/491827392_1002020675452789_8436276394027794651_n-1024x684.jpg\" alt=\"\" class=\"wp-image-9101\" srcset=\"https:\/\/www.teno.cl\/portal2\/wp-content\/uploads\/2025\/05\/491827392_1002020675452789_8436276394027794651_n-1024x684.jpg 1024w, https:\/\/www.teno.cl\/portal2\/wp-content\/uploads\/2025\/05\/491827392_1002020675452789_8436276394027794651_n-300x200.jpg 300w, https:\/\/www.teno.cl\/portal2\/wp-content\/uploads\/2025\/05\/491827392_1002020675452789_8436276394027794651_n-768x513.jpg 768w, https:\/\/www.teno.cl\/portal2\/wp-content\/uploads\/2025\/05\/491827392_1002020675452789_8436276394027794651_n-1536x1027.jpg 1536w, https:\/\/www.teno.cl\/portal2\/wp-content\/uploads\/2025\/05\/491827392_1002020675452789_8436276394027794651_n.jpg 1616w\" sizes=\"(max-width: 1024px) 100vw, 1024px\" \/><\/figure>\n<\/div>\n\n\n\n<div class=\"wp-block-column is-vertically-aligned-center is-layout-flow wp-block-column-is-layout-flow\">\n<figure class=\"wp-block-image size-large\"><img decoding=\"async\" width=\"1024\" height=\"684\" src=\"https:\/\/www.teno.cl\/portal2\/wp-content\/uploads\/2025\/05\/491880465_1002020618786128_1418458924917842756_n-1024x684.jpg\" alt=\"\" class=\"wp-image-9102\" srcset=\"https:\/\/www.teno.cl\/portal2\/wp-content\/uploads\/2025\/05\/491880465_1002020618786128_1418458924917842756_n-1024x684.jpg 1024w, https:\/\/www.teno.cl\/portal2\/wp-content\/uploads\/2025\/05\/491880465_1002020618786128_1418458924917842756_n-300x200.jpg 300w, https:\/\/www.teno.cl\/portal2\/wp-content\/uploads\/2025\/05\/491880465_1002020618786128_1418458924917842756_n-768x513.jpg 768w, https:\/\/www.teno.cl\/portal2\/wp-content\/uploads\/2025\/05\/491880465_1002020618786128_1418458924917842756_n-1536x1027.jpg 1536w, https:\/\/www.teno.cl\/portal2\/wp-content\/uploads\/2025\/05\/491880465_1002020618786128_1418458924917842756_n.jpg 1616w\" sizes=\"(max-width: 1024px) 100vw, 1024px\" \/><\/figure>\n<\/div>\n\n\n\n<div class=\"wp-block-column is-vertically-aligned-center is-layout-flow wp-block-column-is-layout-flow\">\n<figure class=\"wp-block-image size-large\"><img decoding=\"async\" width=\"1024\" height=\"684\" src=\"https:\/\/www.teno.cl\/portal2\/wp-content\/uploads\/2025\/05\/492297519_1002020628786127_7257874966612417392_n-1024x684.jpg\" alt=\"\" class=\"wp-image-9103\" srcset=\"https:\/\/www.teno.cl\/portal2\/wp-content\/uploads\/2025\/05\/492297519_1002020628786127_7257874966612417392_n-1024x684.jpg 1024w, https:\/\/www.teno.cl\/portal2\/wp-content\/uploads\/2025\/05\/492297519_1002020628786127_7257874966612417392_n-300x200.jpg 300w, https:\/\/www.teno.cl\/portal2\/wp-content\/uploads\/2025\/05\/492297519_1002020628786127_7257874966612417392_n-768x513.jpg 768w, https:\/\/www.teno.cl\/portal2\/wp-content\/uploads\/2025\/05\/492297519_1002020628786127_7257874966612417392_n-1536x1027.jpg 1536w, https:\/\/www.teno.cl\/portal2\/wp-content\/uploads\/2025\/05\/492297519_1002020628786127_7257874966612417392_n.jpg 1616w\" sizes=\"(max-width: 1024px) 100vw, 1024px\" \/><\/figure>\n<\/div>\n<\/div>\n\n\n\n<p><\/p>\n","protected":false},"excerpt":{"rendered":"<p>Con gran entusiasmo, se dio por finalizado el Taller Inclusivo de Decoupage, impulsado por la Oficina de la Inclusi\u00f3n Social y Discapacidad. Esta iniciativa tuvo como principal objetivo promover espacios de desarrollo, bienestar y participaci\u00f3n activa para personas con discapacidad de la comuna. El taller cont\u00f3 con la participaci\u00f3n de 15 personas inscritas en el &hellip;<\/p>\n<p class=\"read-more\"> <a class=\"\" href=\"https:\/\/www.teno.cl\/portal2\/2025\/05\/07\/finaliza-con-exito-el-taller-inclusivo-de-decoupage-en-la-comuna\/\"> <span class=\"screen-reader-text\">FINALIZA CON \u00c9XITO EL TALLER INCLUSIVO DE DECOUPAGE EN LA COMUNA<\/span> Read More &raquo;<\/a><\/p>\n","protected":false},"author":4,"featured_media":9104,"comment_status":"closed","ping_status":"closed","sticky":false,"template":"","format":"standard","meta":{"_uag_custom_page_level_css":"","site-sidebar-layout":"no-sidebar","site-content-layout":"boxed-container","ast-global-header-display":"","ast-main-header-display":"","ast-hfb-above-header-display":null,"ast-hfb-below-header-display":null,"ast-hfb-mobile-header-display":null,"site-post-title":"","ast-breadcrumbs-content":"disabled","ast-featured-img":"disabled","footer-sml-layout":"","theme-transparent-header-meta":"default","adv-header-id-meta":null,"stick-header-meta":null,"header-above-stick-meta":null,"header-main-stick-meta":null,"header-below-stick-meta":null,"footnotes":""},"categories":[11],"tags":[],"class_list":["post-9100","post","type-post","status-publish","format-standard","has-post-thumbnail","hentry","category-noticias-municipales"],"uagb_featured_image_src":{"full":["https:\/\/www.teno.cl\/portal2\/wp-content\/uploads\/2025\/05\/492015501_1002020528786137_2153331816806770212_n.jpg",1436,960,false],"thumbnail":["https:\/\/www.teno.cl\/portal2\/wp-content\/uploads\/2025\/05\/492015501_1002020528786137_2153331816806770212_n-150x150.jpg",150,150,true],"medium":["https:\/\/www.teno.cl\/portal2\/wp-content\/uploads\/2025\/05\/492015501_1002020528786137_2153331816806770212_n-300x201.jpg",300,201,true],"medium_large":["https:\/\/www.teno.cl\/portal2\/wp-content\/uploads\/2025\/05\/492015501_1002020528786137_2153331816806770212_n-768x513.jpg",768,513,true],"large":["https:\/\/www.teno.cl\/portal2\/wp-content\/uploads\/2025\/05\/492015501_1002020528786137_2153331816806770212_n-1024x685.jpg",1024,685,true],"1536x1536":["https:\/\/www.teno.cl\/portal2\/wp-content\/uploads\/2025\/05\/492015501_1002020528786137_2153331816806770212_n.jpg",1436,960,false],"2048x2048":["https:\/\/www.teno.cl\/portal2\/wp-content\/uploads\/2025\/05\/492015501_1002020528786137_2153331816806770212_n.jpg",1436,960,false]},"uagb_author_info":{"display_name":"Benjamin Reyes","author_link":"https:\/\/www.teno.cl\/portal2\/author\/breyes\/"},"uagb_comment_info":0,"uagb_excerpt":"Con gran entusiasmo, se dio por finalizado el Taller Inclusivo de Decoupage, impulsado por la Oficina de la Inclusi\u00f3n Social y Discapacidad. Esta iniciativa tuvo como principal objetivo promover espacios de desarrollo, bienestar y participaci\u00f3n activa para personas con discapacidad de la comuna. El taller cont\u00f3 con la participaci\u00f3n de 15 personas inscritas en el&hellip;","_links":{"self":[{"href":"https:\/\/www.teno.cl\/portal2\/wp-json\/wp\/v2\/posts\/9100","targetHints":{"allow":["GET"]}}],"collection":[{"href":"https:\/\/www.teno.cl\/portal2\/wp-json\/wp\/v2\/posts"}],"about":[{"href":"https:\/\/www.teno.cl\/portal2\/wp-json\/wp\/v2\/types\/post"}],"author":[{"embeddable":true,"href":"https:\/\/www.teno.cl\/portal2\/wp-json\/wp\/v2\/users\/4"}],"replies":[{"embeddable":true,"href":"https:\/\/www.teno.cl\/portal2\/wp-json\/wp\/v2\/comments?post=9100"}],"version-history":[{"count":1,"href":"https:\/\/www.teno.cl\/portal2\/wp-json\/wp\/v2\/posts\/9100\/revisions"}],"predecessor-version":[{"id":9105,"href":"https:\/\/www.teno.cl\/portal2\/wp-json\/wp\/v2\/posts\/9100\/revisions\/9105"}],"wp:featuredmedia":[{"embeddable":true,"href":"https:\/\/www.teno.cl\/portal2\/wp-json\/wp\/v2\/media\/9104"}],"wp:attachment":[{"href":"https:\/\/www.teno.cl\/portal2\/wp-json\/wp\/v2\/media?parent=9100"}],"wp:term":[{"taxonomy":"category","embeddable":true,"href":"https:\/\/www.teno.cl\/portal2\/wp-json\/wp\/v2\/categories?post=9100"},{"taxonomy":"post_tag","embeddable":true,"href":"https:\/\/www.teno.cl\/portal2\/wp-json\/wp\/v2\/tags?post=9100"}],"curies":[{"name":"wp","href":"https:\/\/api.w.org\/{rel}","templated":true}]}}