{"id":9094,"date":"2025-05-07T11:40:45","date_gmt":"2025-05-07T14:40:45","guid":{"rendered":"https:\/\/www.teno.cl\/portal2\/?p=9094"},"modified":"2025-05-08T17:28:10","modified_gmt":"2025-05-08T20:28:10","slug":"alcalde-de-teno-rinde-cuenta-publica-2024-destacando-millonarias-inversiones-para-la-comuna","status":"publish","type":"post","link":"https:\/\/www.teno.cl\/portal2\/2025\/05\/07\/alcalde-de-teno-rinde-cuenta-publica-2024-destacando-millonarias-inversiones-para-la-comuna\/","title":{"rendered":"ALCALDE DE TENO RINDE CUENTA P\u00daBLICA 2024 DESTACANDO MILLONARIAS INVERSIONES PARA LA COMUNA"},"content":{"rendered":"\n<p>El pasado mi\u00e9rcoles 30 de abril se llev\u00f3 a cabo la cuenta p\u00fablica 2024 de la comuna de Teno, en la que el alcalde Wildo Far\u00edas present\u00f3 de manera transparente los principales hitos y logros alcanzados durante la gesti\u00f3n reci\u00e9n pasada. Durante el evento, el alcalde destac\u00f3 proyectos de inversi\u00f3n millonarios destinados a mejorar la calidad de vida de los vecinos y vecinas.<\/p>\n\n\n\n<p>La actividad cont\u00f3 con la presencia de autoridades regionales y comunales, quienes con su asistencia realzaron la importancia de la rendici\u00f3n de cuentas. El acto fue el resultado del trabajo comprometido del equipo municipal, que ha gestionado m\u00faltiples beneficios para la comunidad de Teno.<\/p>\n\n\n\n<p>Esta cuenta p\u00fablica refleja el esfuerzo conjunto de las autoridades locales por seguir impulsando el desarrollo de la comuna.<\/p>\n\n\n\n<div class=\"wp-block-columns is-layout-flex wp-container-core-columns-is-layout-28f84493 wp-block-columns-is-layout-flex\">\n<div class=\"wp-block-column is-vertically-aligned-center is-layout-flow wp-block-column-is-layout-flow\">\n<figure class=\"wp-block-image size-large\"><img fetchpriority=\"high\" decoding=\"async\" width=\"1616\" height=\"1080\" src=\"https:\/\/www.teno.cl\/portal2\/wp-content\/uploads\/2025\/05\/4-1024x684.jpg\" alt=\"\" class=\"wp-image-9095\" srcset=\"https:\/\/www.teno.cl\/portal2\/wp-content\/uploads\/2025\/05\/4-1024x684.jpg 1024w, https:\/\/www.teno.cl\/portal2\/wp-content\/uploads\/2025\/05\/4-300x200.jpg 300w, https:\/\/www.teno.cl\/portal2\/wp-content\/uploads\/2025\/05\/4-768x513.jpg 768w, https:\/\/www.teno.cl\/portal2\/wp-content\/uploads\/2025\/05\/4-1536x1027.jpg 1536w, https:\/\/www.teno.cl\/portal2\/wp-content\/uploads\/2025\/05\/4.jpg 1616w\" sizes=\"(max-width: 1616px) 100vw, 1616px\" \/><\/figure>\n<\/div>\n\n\n\n<div class=\"wp-block-column is-vertically-aligned-center is-layout-flow wp-block-column-is-layout-flow\">\n<figure class=\"wp-block-image size-large\"><img decoding=\"async\" width=\"1024\" height=\"768\" src=\"https:\/\/www.teno.cl\/portal2\/wp-content\/uploads\/2025\/05\/3-1024x768.jpg\" alt=\"\" class=\"wp-image-9096\" srcset=\"https:\/\/www.teno.cl\/portal2\/wp-content\/uploads\/2025\/05\/3-1024x768.jpg 1024w, https:\/\/www.teno.cl\/portal2\/wp-content\/uploads\/2025\/05\/3-300x225.jpg 300w, https:\/\/www.teno.cl\/portal2\/wp-content\/uploads\/2025\/05\/3-768x576.jpg 768w, https:\/\/www.teno.cl\/portal2\/wp-content\/uploads\/2025\/05\/3-1536x1152.jpg 1536w, https:\/\/www.teno.cl\/portal2\/wp-content\/uploads\/2025\/05\/3.jpg 2048w\" sizes=\"(max-width: 1024px) 100vw, 1024px\" \/><\/figure>\n<\/div>\n\n\n\n<div class=\"wp-block-column is-vertically-aligned-center is-layout-flow wp-block-column-is-layout-flow\">\n<figure class=\"wp-block-image size-large\"><img decoding=\"async\" width=\"1024\" height=\"684\" src=\"https:\/\/www.teno.cl\/portal2\/wp-content\/uploads\/2025\/05\/2-1024x684.jpg\" alt=\"\" class=\"wp-image-9097\" srcset=\"https:\/\/www.teno.cl\/portal2\/wp-content\/uploads\/2025\/05\/2-1024x684.jpg 1024w, https:\/\/www.teno.cl\/portal2\/wp-content\/uploads\/2025\/05\/2-300x200.jpg 300w, https:\/\/www.teno.cl\/portal2\/wp-content\/uploads\/2025\/05\/2-768x513.jpg 768w, https:\/\/www.teno.cl\/portal2\/wp-content\/uploads\/2025\/05\/2-1536x1027.jpg 1536w, https:\/\/www.teno.cl\/portal2\/wp-content\/uploads\/2025\/05\/2.jpg 1616w\" sizes=\"(max-width: 1024px) 100vw, 1024px\" \/><\/figure>\n<\/div>\n<\/div>\n\n\n\n<p><\/p>\n","protected":false},"excerpt":{"rendered":"<p>El pasado mi\u00e9rcoles 30 de abril se llev\u00f3 a cabo la cuenta p\u00fablica 2024 de la comuna de Teno, en la que el alcalde Wildo Far\u00edas present\u00f3 de manera transparente los principales hitos y logros alcanzados durante la gesti\u00f3n reci\u00e9n pasada. Durante el evento, el alcalde destac\u00f3 proyectos de inversi\u00f3n millonarios destinados a mejorar la &hellip;<\/p>\n<p class=\"read-more\"> <a class=\"\" href=\"https:\/\/www.teno.cl\/portal2\/2025\/05\/07\/alcalde-de-teno-rinde-cuenta-publica-2024-destacando-millonarias-inversiones-para-la-comuna\/\"> <span class=\"screen-reader-text\">ALCALDE DE TENO RINDE CUENTA P\u00daBLICA 2024 DESTACANDO MILLONARIAS INVERSIONES PARA LA COMUNA<\/span> Read More &raquo;<\/a><\/p>\n","protected":false},"author":4,"featured_media":9099,"comment_status":"closed","ping_status":"closed","sticky":false,"template":"","format":"standard","meta":{"_uag_custom_page_level_css":"","site-sidebar-layout":"no-sidebar","site-content-layout":"boxed-container","ast-global-header-display":"","ast-main-header-display":"","ast-hfb-above-header-display":null,"ast-hfb-below-header-display":null,"ast-hfb-mobile-header-display":null,"site-post-title":"","ast-breadcrumbs-content":"disabled","ast-featured-img":"enabled","footer-sml-layout":"","theme-transparent-header-meta":"default","adv-header-id-meta":null,"stick-header-meta":null,"header-above-stick-meta":null,"header-main-stick-meta":null,"header-below-stick-meta":null,"footnotes":""},"categories":[11],"tags":[],"class_list":["post-9094","post","type-post","status-publish","format-standard","has-post-thumbnail","hentry","category-noticias-municipales"],"uagb_featured_image_src":{"full":["https:\/\/www.teno.cl\/portal2\/wp-content\/uploads\/2025\/05\/1.jpg",2048,1366,false],"thumbnail":["https:\/\/www.teno.cl\/portal2\/wp-content\/uploads\/2025\/05\/1-150x150.jpg",150,150,true],"medium":["https:\/\/www.teno.cl\/portal2\/wp-content\/uploads\/2025\/05\/1-300x200.jpg",300,200,true],"medium_large":["https:\/\/www.teno.cl\/portal2\/wp-content\/uploads\/2025\/05\/1-768x512.jpg",768,512,true],"large":["https:\/\/www.teno.cl\/portal2\/wp-content\/uploads\/2025\/05\/1-1024x683.jpg",1024,683,true],"1536x1536":["https:\/\/www.teno.cl\/portal2\/wp-content\/uploads\/2025\/05\/1-1536x1025.jpg",1536,1025,true],"2048x2048":["https:\/\/www.teno.cl\/portal2\/wp-content\/uploads\/2025\/05\/1.jpg",2048,1366,false]},"uagb_author_info":{"display_name":"Benjamin Reyes","author_link":"https:\/\/www.teno.cl\/portal2\/author\/breyes\/"},"uagb_comment_info":0,"uagb_excerpt":"El pasado mi\u00e9rcoles 30 de abril se llev\u00f3 a cabo la cuenta p\u00fablica 2024 de la comuna de Teno, en la que el alcalde Wildo Far\u00edas present\u00f3 de manera transparente los principales hitos y logros alcanzados durante la gesti\u00f3n reci\u00e9n pasada. Durante el evento, el alcalde destac\u00f3 proyectos de inversi\u00f3n millonarios destinados a mejorar la&hellip;","_links":{"self":[{"href":"https:\/\/www.teno.cl\/portal2\/wp-json\/wp\/v2\/posts\/9094","targetHints":{"allow":["GET"]}}],"collection":[{"href":"https:\/\/www.teno.cl\/portal2\/wp-json\/wp\/v2\/posts"}],"about":[{"href":"https:\/\/www.teno.cl\/portal2\/wp-json\/wp\/v2\/types\/post"}],"author":[{"embeddable":true,"href":"https:\/\/www.teno.cl\/portal2\/wp-json\/wp\/v2\/users\/4"}],"replies":[{"embeddable":true,"href":"https:\/\/www.teno.cl\/portal2\/wp-json\/wp\/v2\/comments?post=9094"}],"version-history":[{"count":1,"href":"https:\/\/www.teno.cl\/portal2\/wp-json\/wp\/v2\/posts\/9094\/revisions"}],"predecessor-version":[{"id":9098,"href":"https:\/\/www.teno.cl\/portal2\/wp-json\/wp\/v2\/posts\/9094\/revisions\/9098"}],"wp:featuredmedia":[{"embeddable":true,"href":"https:\/\/www.teno.cl\/portal2\/wp-json\/wp\/v2\/media\/9099"}],"wp:attachment":[{"href":"https:\/\/www.teno.cl\/portal2\/wp-json\/wp\/v2\/media?parent=9094"}],"wp:term":[{"taxonomy":"category","embeddable":true,"href":"https:\/\/www.teno.cl\/portal2\/wp-json\/wp\/v2\/categories?post=9094"},{"taxonomy":"post_tag","embeddable":true,"href":"https:\/\/www.teno.cl\/portal2\/wp-json\/wp\/v2\/tags?post=9094"}],"curies":[{"name":"wp","href":"https:\/\/api.w.org\/{rel}","templated":true}]}}