{"id":9087,"date":"2025-05-07T11:30:43","date_gmt":"2025-05-07T14:30:43","guid":{"rendered":"https:\/\/www.teno.cl\/portal2\/?p=9087"},"modified":"2025-05-07T11:31:44","modified_gmt":"2025-05-07T14:31:44","slug":"gestionamos-recursos-para-las-escuelas-el-guindo-y-huemul","status":"publish","type":"post","link":"https:\/\/www.teno.cl\/portal2\/2025\/05\/07\/gestionamos-recursos-para-las-escuelas-el-guindo-y-huemul\/","title":{"rendered":"GESTIONAMOS RECURSOS PARA LAS ESCUELAS; EL GUINDO Y HUEMUL"},"content":{"rendered":"\n<p>En una reuni\u00f3n celebrada en el Ministerio de Educaci\u00f3n, el alcalde de Teno, Wildo Far\u00edas, junto al senador Juan Antonio Coloma y el equipo t\u00e9cnico del Departamento de Administraci\u00f3n de Educaci\u00f3n Municipal (DAEM), se reunieron con el equipo del ministro Nicol\u00e1s Cataldo. El objetivo principal del encuentro fue manifestar la urgencia de reponer dos establecimientos educativos de la comuna: la escuela El Guindo y la escuela Huemul.<\/p>\n\n\n\n<p>Durante la reuni\u00f3n, el equipo t\u00e9cnico del DAEM entreg\u00f3 los antecedentes t\u00e9cnicos necesarios a los profesionales del ministerio, con el fin de evaluar la viabilidad de estos proyectos educativos, considerados fundamentales para la comunidad.<\/p>\n\n\n\n<p>La municipalidad espera poder entregar pr\u00f3ximamente m\u00e1s detalles sobre el avance de esta iniciativa, que podr\u00eda marcar un hito en el \u00e1mbito educativo de Teno.<\/p>\n\n\n\n<div class=\"wp-block-columns is-layout-flex wp-container-core-columns-is-layout-28f84493 wp-block-columns-is-layout-flex\">\n<div class=\"wp-block-column is-layout-flow wp-block-column-is-layout-flow\">\n<figure class=\"wp-block-image size-large\"><img fetchpriority=\"high\" decoding=\"async\" width=\"1024\" height=\"683\" src=\"http:\/\/www.teno.cl\/portal2\/wp-content\/uploads\/2025\/05\/b099207a-da83-4a38-8bce-a34d7683c5ac-1024x683.jpg\" alt=\"\" class=\"wp-image-9088\" srcset=\"https:\/\/www.teno.cl\/portal2\/wp-content\/uploads\/2025\/05\/b099207a-da83-4a38-8bce-a34d7683c5ac-1024x683.jpg 1024w, https:\/\/www.teno.cl\/portal2\/wp-content\/uploads\/2025\/05\/b099207a-da83-4a38-8bce-a34d7683c5ac-300x200.jpg 300w, https:\/\/www.teno.cl\/portal2\/wp-content\/uploads\/2025\/05\/b099207a-da83-4a38-8bce-a34d7683c5ac-768x512.jpg 768w, https:\/\/www.teno.cl\/portal2\/wp-content\/uploads\/2025\/05\/b099207a-da83-4a38-8bce-a34d7683c5ac-1536x1024.jpg 1536w, https:\/\/www.teno.cl\/portal2\/wp-content\/uploads\/2025\/05\/b099207a-da83-4a38-8bce-a34d7683c5ac-2048x1365.jpg 2048w\" sizes=\"(max-width: 1024px) 100vw, 1024px\" \/><\/figure>\n<\/div>\n\n\n\n<div class=\"wp-block-column is-layout-flow wp-block-column-is-layout-flow\">\n<figure class=\"wp-block-image size-large\"><img decoding=\"async\" width=\"1024\" height=\"683\" src=\"https:\/\/www.teno.cl\/portal2\/wp-content\/uploads\/2025\/05\/MINISTRO-1024x683.jpg\" alt=\"\" class=\"wp-image-9091\" srcset=\"https:\/\/www.teno.cl\/portal2\/wp-content\/uploads\/2025\/05\/MINISTRO-1024x683.jpg 1024w, https:\/\/www.teno.cl\/portal2\/wp-content\/uploads\/2025\/05\/MINISTRO-300x200.jpg 300w, https:\/\/www.teno.cl\/portal2\/wp-content\/uploads\/2025\/05\/MINISTRO-768x512.jpg 768w, https:\/\/www.teno.cl\/portal2\/wp-content\/uploads\/2025\/05\/MINISTRO-1536x1024.jpg 1536w, https:\/\/www.teno.cl\/portal2\/wp-content\/uploads\/2025\/05\/MINISTRO-2048x1365.jpg 2048w\" sizes=\"(max-width: 1024px) 100vw, 1024px\" \/><\/figure>\n<\/div>\n\n\n\n<div class=\"wp-block-column is-layout-flow wp-block-column-is-layout-flow\">\n<figure class=\"wp-block-image size-large\"><img decoding=\"async\" width=\"1024\" height=\"683\" src=\"http:\/\/www.teno.cl\/portal2\/wp-content\/uploads\/2025\/05\/5cc0d78a-36fa-460c-b679-855edfcf7ad0-copia-1024x683.jpg\" alt=\"\" class=\"wp-image-9089\" srcset=\"https:\/\/www.teno.cl\/portal2\/wp-content\/uploads\/2025\/05\/5cc0d78a-36fa-460c-b679-855edfcf7ad0-copia-1024x683.jpg 1024w, https:\/\/www.teno.cl\/portal2\/wp-content\/uploads\/2025\/05\/5cc0d78a-36fa-460c-b679-855edfcf7ad0-copia-300x200.jpg 300w, https:\/\/www.teno.cl\/portal2\/wp-content\/uploads\/2025\/05\/5cc0d78a-36fa-460c-b679-855edfcf7ad0-copia-768x512.jpg 768w, https:\/\/www.teno.cl\/portal2\/wp-content\/uploads\/2025\/05\/5cc0d78a-36fa-460c-b679-855edfcf7ad0-copia-1536x1024.jpg 1536w, https:\/\/www.teno.cl\/portal2\/wp-content\/uploads\/2025\/05\/5cc0d78a-36fa-460c-b679-855edfcf7ad0-copia-2048x1365.jpg 2048w\" sizes=\"(max-width: 1024px) 100vw, 1024px\" \/><\/figure>\n<\/div>\n<\/div>\n\n\n\n<p><\/p>\n","protected":false},"excerpt":{"rendered":"<p>En una reuni\u00f3n celebrada en el Ministerio de Educaci\u00f3n, el alcalde de Teno, Wildo Far\u00edas, junto al senador Juan Antonio Coloma y el equipo t\u00e9cnico del Departamento de Administraci\u00f3n de Educaci\u00f3n Municipal (DAEM), se reunieron con el equipo del ministro Nicol\u00e1s Cataldo. El objetivo principal del encuentro fue manifestar la urgencia de reponer dos establecimientos &hellip;<\/p>\n<p class=\"read-more\"> <a class=\"\" href=\"https:\/\/www.teno.cl\/portal2\/2025\/05\/07\/gestionamos-recursos-para-las-escuelas-el-guindo-y-huemul\/\"> <span class=\"screen-reader-text\">GESTIONAMOS RECURSOS PARA LAS ESCUELAS; EL GUINDO Y HUEMUL<\/span> Read More &raquo;<\/a><\/p>\n","protected":false},"author":4,"featured_media":9088,"comment_status":"closed","ping_status":"closed","sticky":false,"template":"","format":"standard","meta":{"_uag_custom_page_level_css":"","site-sidebar-layout":"no-sidebar","site-content-layout":"default","ast-global-header-display":"","ast-main-header-display":"","ast-hfb-above-header-display":"","ast-hfb-below-header-display":"","ast-hfb-mobile-header-display":"","site-post-title":"","ast-breadcrumbs-content":"disabled","ast-featured-img":"disabled","footer-sml-layout":"","theme-transparent-header-meta":"default","adv-header-id-meta":"","stick-header-meta":"","header-above-stick-meta":"","header-main-stick-meta":"","header-below-stick-meta":"","footnotes":""},"categories":[11],"tags":[],"class_list":["post-9087","post","type-post","status-publish","format-standard","has-post-thumbnail","hentry","category-noticias-municipales"],"uagb_featured_image_src":{"full":["https:\/\/www.teno.cl\/portal2\/wp-content\/uploads\/2025\/05\/b099207a-da83-4a38-8bce-a34d7683c5ac-scaled.jpg",2560,1706,false],"thumbnail":["https:\/\/www.teno.cl\/portal2\/wp-content\/uploads\/2025\/05\/b099207a-da83-4a38-8bce-a34d7683c5ac-150x150.jpg",150,150,true],"medium":["https:\/\/www.teno.cl\/portal2\/wp-content\/uploads\/2025\/05\/b099207a-da83-4a38-8bce-a34d7683c5ac-300x200.jpg",300,200,true],"medium_large":["https:\/\/www.teno.cl\/portal2\/wp-content\/uploads\/2025\/05\/b099207a-da83-4a38-8bce-a34d7683c5ac-768x512.jpg",768,512,true],"large":["https:\/\/www.teno.cl\/portal2\/wp-content\/uploads\/2025\/05\/b099207a-da83-4a38-8bce-a34d7683c5ac-1024x683.jpg",1024,683,true],"1536x1536":["https:\/\/www.teno.cl\/portal2\/wp-content\/uploads\/2025\/05\/b099207a-da83-4a38-8bce-a34d7683c5ac-1536x1024.jpg",1536,1024,true],"2048x2048":["https:\/\/www.teno.cl\/portal2\/wp-content\/uploads\/2025\/05\/b099207a-da83-4a38-8bce-a34d7683c5ac-2048x1365.jpg",2048,1365,true]},"uagb_author_info":{"display_name":"Benjamin Reyes","author_link":"https:\/\/www.teno.cl\/portal2\/author\/breyes\/"},"uagb_comment_info":0,"uagb_excerpt":"En una reuni\u00f3n celebrada en el Ministerio de Educaci\u00f3n, el alcalde de Teno, Wildo Far\u00edas, junto al senador Juan Antonio Coloma y el equipo t\u00e9cnico del Departamento de Administraci\u00f3n de Educaci\u00f3n Municipal (DAEM), se reunieron con el equipo del ministro Nicol\u00e1s Cataldo. El objetivo principal del encuentro fue manifestar la urgencia de reponer dos establecimientos&hellip;","_links":{"self":[{"href":"https:\/\/www.teno.cl\/portal2\/wp-json\/wp\/v2\/posts\/9087","targetHints":{"allow":["GET"]}}],"collection":[{"href":"https:\/\/www.teno.cl\/portal2\/wp-json\/wp\/v2\/posts"}],"about":[{"href":"https:\/\/www.teno.cl\/portal2\/wp-json\/wp\/v2\/types\/post"}],"author":[{"embeddable":true,"href":"https:\/\/www.teno.cl\/portal2\/wp-json\/wp\/v2\/users\/4"}],"replies":[{"embeddable":true,"href":"https:\/\/www.teno.cl\/portal2\/wp-json\/wp\/v2\/comments?post=9087"}],"version-history":[{"count":1,"href":"https:\/\/www.teno.cl\/portal2\/wp-json\/wp\/v2\/posts\/9087\/revisions"}],"predecessor-version":[{"id":9092,"href":"https:\/\/www.teno.cl\/portal2\/wp-json\/wp\/v2\/posts\/9087\/revisions\/9092"}],"wp:featuredmedia":[{"embeddable":true,"href":"https:\/\/www.teno.cl\/portal2\/wp-json\/wp\/v2\/media\/9088"}],"wp:attachment":[{"href":"https:\/\/www.teno.cl\/portal2\/wp-json\/wp\/v2\/media?parent=9087"}],"wp:term":[{"taxonomy":"category","embeddable":true,"href":"https:\/\/www.teno.cl\/portal2\/wp-json\/wp\/v2\/categories?post=9087"},{"taxonomy":"post_tag","embeddable":true,"href":"https:\/\/www.teno.cl\/portal2\/wp-json\/wp\/v2\/tags?post=9087"}],"curies":[{"name":"wp","href":"https:\/\/api.w.org\/{rel}","templated":true}]}}