{"id":8601,"date":"2025-03-12T09:11:51","date_gmt":"2025-03-12T12:11:51","guid":{"rendered":"https:\/\/www.teno.cl\/portal2\/?p=8601"},"modified":"2025-04-22T16:26:19","modified_gmt":"2025-04-22T19:26:19","slug":"ministro-de-bienes-nacionales-francisco-figueroa-junto-al-alcade-wildo-farias-hacen-entrega-de-15-titulos-de-dominio","status":"publish","type":"post","link":"https:\/\/www.teno.cl\/portal2\/2025\/03\/12\/ministro-de-bienes-nacionales-francisco-figueroa-junto-al-alcade-wildo-farias-hacen-entrega-de-15-titulos-de-dominio\/","title":{"rendered":"MINISTRO DE BIENES NACIONALES, FRANCISCO FIGUEROA JUNTO AL ALCADE, WILDO FAR\u00cdAS HACEN ENTREGA DE 15 T\u00cdTULOS DE DOMINIO"},"content":{"rendered":"\n<p>Este martes 11 de marzo, el Ministro de Bienes Nacionales, Francisco Figueroa, encabez\u00f3 una emotiva ceremonia en Teno, donde 15 mujeres jefas de hogar recibieron sus anhelados t\u00edtulos de dominio. La actividad cont\u00f3 con la presencia del alcalde Wildo Far\u00edas, el Delegado Presidencial Regional, Humberto Aqueveque, y otras autoridades.<\/p>\n\n\n\n<p>La entrega se realiz\u00f3 en el marco del D\u00eda Internacional de la Mujer y es fruto de un convenio entre el Ministerio de Bienes Nacionales y el Municipio, garantizando a estas mujeres el derecho a la propiedad de sus terrenos.<\/p>\n\n\n\n<div class=\"wp-block-columns is-layout-flex wp-container-core-columns-is-layout-28f84493 wp-block-columns-is-layout-flex\">\n<div class=\"wp-block-column is-layout-flow wp-block-column-is-layout-flow\">\n<figure class=\"wp-block-image size-large\"><img fetchpriority=\"high\" decoding=\"async\" width=\"1024\" height=\"683\" src=\"https:\/\/www.teno.cl\/portal2\/wp-content\/uploads\/2025\/03\/DSC09114-1024x683.jpg\" alt=\"\" class=\"wp-image-8602\" srcset=\"https:\/\/www.teno.cl\/portal2\/wp-content\/uploads\/2025\/03\/DSC09114-1024x683.jpg 1024w, https:\/\/www.teno.cl\/portal2\/wp-content\/uploads\/2025\/03\/DSC09114-300x200.jpg 300w, https:\/\/www.teno.cl\/portal2\/wp-content\/uploads\/2025\/03\/DSC09114-768x512.jpg 768w, https:\/\/www.teno.cl\/portal2\/wp-content\/uploads\/2025\/03\/DSC09114-1536x1024.jpg 1536w, https:\/\/www.teno.cl\/portal2\/wp-content\/uploads\/2025\/03\/DSC09114-2048x1365.jpg 2048w\" sizes=\"(max-width: 1024px) 100vw, 1024px\" \/><\/figure>\n<\/div>\n\n\n\n<div class=\"wp-block-column is-layout-flow wp-block-column-is-layout-flow\">\n<figure class=\"wp-block-image size-large\"><img decoding=\"async\" width=\"1024\" height=\"683\" src=\"https:\/\/www.teno.cl\/portal2\/wp-content\/uploads\/2025\/03\/DSC09161-1024x683.jpg\" alt=\"\" class=\"wp-image-8603\" srcset=\"https:\/\/www.teno.cl\/portal2\/wp-content\/uploads\/2025\/03\/DSC09161-1024x683.jpg 1024w, https:\/\/www.teno.cl\/portal2\/wp-content\/uploads\/2025\/03\/DSC09161-300x200.jpg 300w, https:\/\/www.teno.cl\/portal2\/wp-content\/uploads\/2025\/03\/DSC09161-768x512.jpg 768w, https:\/\/www.teno.cl\/portal2\/wp-content\/uploads\/2025\/03\/DSC09161-1536x1024.jpg 1536w, https:\/\/www.teno.cl\/portal2\/wp-content\/uploads\/2025\/03\/DSC09161-2048x1365.jpg 2048w\" sizes=\"(max-width: 1024px) 100vw, 1024px\" \/><\/figure>\n<\/div>\n\n\n\n<div class=\"wp-block-column is-layout-flow wp-block-column-is-layout-flow\">\n<figure class=\"wp-block-image size-large\"><img decoding=\"async\" width=\"1024\" height=\"683\" src=\"https:\/\/www.teno.cl\/portal2\/wp-content\/uploads\/2025\/03\/DSC09178-1024x683.jpg\" alt=\"\" class=\"wp-image-8604\" srcset=\"https:\/\/www.teno.cl\/portal2\/wp-content\/uploads\/2025\/03\/DSC09178-1024x683.jpg 1024w, https:\/\/www.teno.cl\/portal2\/wp-content\/uploads\/2025\/03\/DSC09178-300x200.jpg 300w, https:\/\/www.teno.cl\/portal2\/wp-content\/uploads\/2025\/03\/DSC09178-768x512.jpg 768w, https:\/\/www.teno.cl\/portal2\/wp-content\/uploads\/2025\/03\/DSC09178-1536x1024.jpg 1536w, https:\/\/www.teno.cl\/portal2\/wp-content\/uploads\/2025\/03\/DSC09178-2048x1365.jpg 2048w\" sizes=\"(max-width: 1024px) 100vw, 1024px\" \/><\/figure>\n<\/div>\n<\/div>\n\n\n\n<p><\/p>\n","protected":false},"excerpt":{"rendered":"<p>Este martes 11 de marzo, el Ministro de Bienes Nacionales, Francisco Figueroa, encabez\u00f3 una emotiva ceremonia en Teno, donde 15 mujeres jefas de hogar recibieron sus anhelados t\u00edtulos de dominio. La actividad cont\u00f3 con la presencia del alcalde Wildo Far\u00edas, el Delegado Presidencial Regional, Humberto Aqueveque, y otras autoridades. La entrega se realiz\u00f3 en el &hellip;<\/p>\n<p class=\"read-more\"> <a class=\"\" href=\"https:\/\/www.teno.cl\/portal2\/2025\/03\/12\/ministro-de-bienes-nacionales-francisco-figueroa-junto-al-alcade-wildo-farias-hacen-entrega-de-15-titulos-de-dominio\/\"> <span class=\"screen-reader-text\">MINISTRO DE BIENES NACIONALES, FRANCISCO FIGUEROA JUNTO AL ALCADE, WILDO FAR\u00cdAS HACEN ENTREGA DE 15 T\u00cdTULOS DE DOMINIO<\/span> Read More &raquo;<\/a><\/p>\n","protected":false},"author":4,"featured_media":8605,"comment_status":"closed","ping_status":"closed","sticky":false,"template":"","format":"standard","meta":{"_uag_custom_page_level_css":"","site-sidebar-layout":"no-sidebar","site-content-layout":"default","ast-global-header-display":"","ast-main-header-display":"","ast-hfb-above-header-display":"","ast-hfb-below-header-display":"","ast-hfb-mobile-header-display":"","site-post-title":"","ast-breadcrumbs-content":"disabled","ast-featured-img":"disabled","footer-sml-layout":"","theme-transparent-header-meta":"default","adv-header-id-meta":"","stick-header-meta":"","header-above-stick-meta":"","header-main-stick-meta":"","header-below-stick-meta":"","footnotes":""},"categories":[11],"tags":[],"class_list":["post-8601","post","type-post","status-publish","format-standard","has-post-thumbnail","hentry","category-noticias-municipales"],"uagb_featured_image_src":{"full":["https:\/\/www.teno.cl\/portal2\/wp-content\/uploads\/2025\/03\/DSC09155-scaled.jpg",2560,1707,false],"thumbnail":["https:\/\/www.teno.cl\/portal2\/wp-content\/uploads\/2025\/03\/DSC09155-150x150.jpg",150,150,true],"medium":["https:\/\/www.teno.cl\/portal2\/wp-content\/uploads\/2025\/03\/DSC09155-300x200.jpg",300,200,true],"medium_large":["https:\/\/www.teno.cl\/portal2\/wp-content\/uploads\/2025\/03\/DSC09155-768x512.jpg",768,512,true],"large":["https:\/\/www.teno.cl\/portal2\/wp-content\/uploads\/2025\/03\/DSC09155-1024x683.jpg",1024,683,true],"1536x1536":["https:\/\/www.teno.cl\/portal2\/wp-content\/uploads\/2025\/03\/DSC09155-1536x1024.jpg",1536,1024,true],"2048x2048":["https:\/\/www.teno.cl\/portal2\/wp-content\/uploads\/2025\/03\/DSC09155-2048x1365.jpg",2048,1365,true]},"uagb_author_info":{"display_name":"Benjamin Reyes","author_link":"https:\/\/www.teno.cl\/portal2\/author\/breyes\/"},"uagb_comment_info":1,"uagb_excerpt":"Este martes 11 de marzo, el Ministro de Bienes Nacionales, Francisco Figueroa, encabez\u00f3 una emotiva ceremonia en Teno, donde 15 mujeres jefas de hogar recibieron sus anhelados t\u00edtulos de dominio. La actividad cont\u00f3 con la presencia del alcalde Wildo Far\u00edas, el Delegado Presidencial Regional, Humberto Aqueveque, y otras autoridades. La entrega se realiz\u00f3 en el&hellip;","_links":{"self":[{"href":"https:\/\/www.teno.cl\/portal2\/wp-json\/wp\/v2\/posts\/8601","targetHints":{"allow":["GET"]}}],"collection":[{"href":"https:\/\/www.teno.cl\/portal2\/wp-json\/wp\/v2\/posts"}],"about":[{"href":"https:\/\/www.teno.cl\/portal2\/wp-json\/wp\/v2\/types\/post"}],"author":[{"embeddable":true,"href":"https:\/\/www.teno.cl\/portal2\/wp-json\/wp\/v2\/users\/4"}],"replies":[{"embeddable":true,"href":"https:\/\/www.teno.cl\/portal2\/wp-json\/wp\/v2\/comments?post=8601"}],"version-history":[{"count":2,"href":"https:\/\/www.teno.cl\/portal2\/wp-json\/wp\/v2\/posts\/8601\/revisions"}],"predecessor-version":[{"id":8729,"href":"https:\/\/www.teno.cl\/portal2\/wp-json\/wp\/v2\/posts\/8601\/revisions\/8729"}],"wp:featuredmedia":[{"embeddable":true,"href":"https:\/\/www.teno.cl\/portal2\/wp-json\/wp\/v2\/media\/8605"}],"wp:attachment":[{"href":"https:\/\/www.teno.cl\/portal2\/wp-json\/wp\/v2\/media?parent=8601"}],"wp:term":[{"taxonomy":"category","embeddable":true,"href":"https:\/\/www.teno.cl\/portal2\/wp-json\/wp\/v2\/categories?post=8601"},{"taxonomy":"post_tag","embeddable":true,"href":"https:\/\/www.teno.cl\/portal2\/wp-json\/wp\/v2\/tags?post=8601"}],"curies":[{"name":"wp","href":"https:\/\/api.w.org\/{rel}","templated":true}]}}