{"id":8474,"date":"2025-02-17T17:12:22","date_gmt":"2025-02-17T20:12:22","guid":{"rendered":"https:\/\/www.teno.cl\/portal2\/?p=8474"},"modified":"2025-02-17T17:19:49","modified_gmt":"2025-02-17T20:19:49","slug":"mas-de-40-mil-personas-disfrutaron-de-la-fiesta-tenina-2025","status":"publish","type":"post","link":"https:\/\/www.teno.cl\/portal2\/2025\/02\/17\/mas-de-40-mil-personas-disfrutaron-de-la-fiesta-tenina-2025\/","title":{"rendered":"M\u00c1S DE 40 MIL PERSONAS DISFRUTARON DE LA FIESTA TENINA 2025"},"content":{"rendered":"\n<div class=\"inherit-container-width wp-block-group is-layout-constrained wp-block-group-is-layout-constrained\">\n<div class=\"wp-block-uagb-image aligncenter uagb-block-e2108e7e wp-block-uagb-image--layout-default wp-block-uagb-image--effect-static wp-block-uagb-image--align-center is-style-default\"><figure class=\"wp-block-uagb-image__figure\"><img loading=\"lazy\" decoding=\"async\" src=\"https:\/\/www.teno.cl\/portal2\/wp-content\/uploads\/2025\/02\/1-4-1024x576.jpg\" alt=\"\" class=\"uag-image-8481\" width=\"1026\" height=\"577\" title=\"1\" loading=\"lazy\" role=\"img\" \/><\/figure><\/div>\n\n\n\n<div class=\"wp-block-group is-content-justification-center is-nowrap is-layout-flex wp-container-core-group-is-layout-23441af8 wp-block-group-is-layout-flex\">\n<div class=\"wp-block-uagb-image uagb-block-2dfb3af5 wp-block-uagb-image--layout-default wp-block-uagb-image--effect-static wp-block-uagb-image--align-none\"><figure class=\"wp-block-uagb-image__figure\"><img loading=\"lazy\" decoding=\"async\" src=\"https:\/\/www.teno.cl\/portal2\/wp-content\/uploads\/2025\/02\/DSC02792-1024x683.jpg\" alt=\"\" class=\"uag-image-8482\" width=\"419\" height=\"177\" title=\"DSC02792\" loading=\"lazy\" role=\"img\" \/><\/figure><\/div>\n\n\n\n<figure class=\"wp-block-image size-large is-resized\"><img fetchpriority=\"high\" decoding=\"async\" width=\"1024\" height=\"683\" src=\"http:\/\/www.teno.cl\/portal2\/wp-content\/uploads\/2025\/02\/DSC02787-1024x683.jpg\" alt=\"\" class=\"wp-image-8478\" style=\"width:422px;height:auto\" srcset=\"https:\/\/www.teno.cl\/portal2\/wp-content\/uploads\/2025\/02\/DSC02787-1024x683.jpg 1024w, https:\/\/www.teno.cl\/portal2\/wp-content\/uploads\/2025\/02\/DSC02787-300x200.jpg 300w, https:\/\/www.teno.cl\/portal2\/wp-content\/uploads\/2025\/02\/DSC02787-768x512.jpg 768w, https:\/\/www.teno.cl\/portal2\/wp-content\/uploads\/2025\/02\/DSC02787-1536x1024.jpg 1536w, https:\/\/www.teno.cl\/portal2\/wp-content\/uploads\/2025\/02\/DSC02787-2048x1365.jpg 2048w\" sizes=\"(max-width: 1024px) 100vw, 1024px\" \/><\/figure>\n<\/div>\n<\/div>\n\n\n\n<p>La Fiesta Tenina 2025 se llev\u00f3 a cabo recientemente en Teno, congregando a m\u00e1s de 40 mil personas en el evento m\u00e1s destacado del verano en la comuna. Durante cuatro noches consecutivas, los asistentes disfrutaron de una variada programaci\u00f3n musical que incluy\u00f3 presentaciones de reconocidos artistas como Am\u00e9rico, Los Bandoleros, Grupo Alegr\u00eda, Grupo Disparo, adem\u00e1s de talentos locales.<\/p>\n\n\n\n<p>El evento cont\u00f3 con la presencia de diversas autoridades, entre ellas el gobernador regional, Pedro Pablo \u00c1lvarez-Salamanca, consejeros regionales, nuestro alcalde, Wildo Far\u00edas, algunos de sus pares y autoridades locales, quienes destacaron la importancia de la Fiesta Tenina como un espacio de encuentro cultural y recreativo para la comunidad.<\/p>\n\n\n\n<p>La organizaci\u00f3n del festival se esmer\u00f3 en ofrecer una experiencia segura y entretenida para todos los asistentes, implementando medidas de seguridad y log\u00edstica adecuadas para manejar la gran afluencia de p\u00fablico. La participaci\u00f3n activa de la comunidad y el apoyo de las autoridades locales fueron clave para el \u00e9xito de esta edici\u00f3n de la Fiesta Tenina, consolid\u00e1ndola como un referente en las celebraciones estivales de la regi\u00f3n.<\/p>\n\n\n\n<p><\/p>\n","protected":false},"excerpt":{"rendered":"<p>La Fiesta Tenina 2025 se llev\u00f3 a cabo recientemente en Teno, congregando a m\u00e1s de 40 mil personas en el evento m\u00e1s destacado del verano en la comuna. Durante cuatro noches consecutivas, los asistentes disfrutaron de una variada programaci\u00f3n musical que incluy\u00f3 presentaciones de reconocidos artistas como Am\u00e9rico, Los Bandoleros, Grupo Alegr\u00eda, Grupo Disparo, adem\u00e1s &hellip;<\/p>\n<p class=\"read-more\"> <a class=\"\" href=\"https:\/\/www.teno.cl\/portal2\/2025\/02\/17\/mas-de-40-mil-personas-disfrutaron-de-la-fiesta-tenina-2025\/\"> <span class=\"screen-reader-text\">M\u00c1S DE 40 MIL PERSONAS DISFRUTARON DE LA FIESTA TENINA 2025<\/span> Read More &raquo;<\/a><\/p>\n","protected":false},"author":4,"featured_media":8483,"comment_status":"closed","ping_status":"closed","sticky":false,"template":"","format":"standard","meta":{"_uag_custom_page_level_css":"","site-sidebar-layout":"no-sidebar","site-content-layout":"default","ast-global-header-display":"","ast-main-header-display":"","ast-hfb-above-header-display":null,"ast-hfb-below-header-display":null,"ast-hfb-mobile-header-display":null,"site-post-title":"","ast-breadcrumbs-content":"disabled","ast-featured-img":"disabled","footer-sml-layout":"","theme-transparent-header-meta":"","adv-header-id-meta":null,"stick-header-meta":null,"header-above-stick-meta":null,"header-main-stick-meta":null,"header-below-stick-meta":null,"footnotes":""},"categories":[11],"tags":[],"class_list":["post-8474","post","type-post","status-publish","format-standard","has-post-thumbnail","hentry","category-noticias-municipales"],"uagb_featured_image_src":{"full":["https:\/\/www.teno.cl\/portal2\/wp-content\/uploads\/2025\/02\/FIESTA-TENINA-12_Mesa-de-trabajo-1.png",4500,5614,false],"thumbnail":["https:\/\/www.teno.cl\/portal2\/wp-content\/uploads\/2025\/02\/FIESTA-TENINA-12_Mesa-de-trabajo-1-150x150.png",150,150,true],"medium":["https:\/\/www.teno.cl\/portal2\/wp-content\/uploads\/2025\/02\/FIESTA-TENINA-12_Mesa-de-trabajo-1-240x300.png",240,300,true],"medium_large":["https:\/\/www.teno.cl\/portal2\/wp-content\/uploads\/2025\/02\/FIESTA-TENINA-12_Mesa-de-trabajo-1-768x958.png",768,958,true],"large":["https:\/\/www.teno.cl\/portal2\/wp-content\/uploads\/2025\/02\/FIESTA-TENINA-12_Mesa-de-trabajo-1-821x1024.png",821,1024,true],"1536x1536":["https:\/\/www.teno.cl\/portal2\/wp-content\/uploads\/2025\/02\/FIESTA-TENINA-12_Mesa-de-trabajo-1-1231x1536.png",1231,1536,true],"2048x2048":["https:\/\/www.teno.cl\/portal2\/wp-content\/uploads\/2025\/02\/FIESTA-TENINA-12_Mesa-de-trabajo-1-1642x2048.png",1642,2048,true]},"uagb_author_info":{"display_name":"Benjamin Reyes","author_link":"https:\/\/www.teno.cl\/portal2\/author\/breyes\/"},"uagb_comment_info":0,"uagb_excerpt":"La Fiesta Tenina 2025 se llev\u00f3 a cabo recientemente en Teno, congregando a m\u00e1s de 40 mil personas en el evento m\u00e1s destacado del verano en la comuna. Durante cuatro noches consecutivas, los asistentes disfrutaron de una variada programaci\u00f3n musical que incluy\u00f3 presentaciones de reconocidos artistas como Am\u00e9rico, Los Bandoleros, Grupo Alegr\u00eda, Grupo Disparo, adem\u00e1s&hellip;","_links":{"self":[{"href":"https:\/\/www.teno.cl\/portal2\/wp-json\/wp\/v2\/posts\/8474","targetHints":{"allow":["GET"]}}],"collection":[{"href":"https:\/\/www.teno.cl\/portal2\/wp-json\/wp\/v2\/posts"}],"about":[{"href":"https:\/\/www.teno.cl\/portal2\/wp-json\/wp\/v2\/types\/post"}],"author":[{"embeddable":true,"href":"https:\/\/www.teno.cl\/portal2\/wp-json\/wp\/v2\/users\/4"}],"replies":[{"embeddable":true,"href":"https:\/\/www.teno.cl\/portal2\/wp-json\/wp\/v2\/comments?post=8474"}],"version-history":[{"count":4,"href":"https:\/\/www.teno.cl\/portal2\/wp-json\/wp\/v2\/posts\/8474\/revisions"}],"predecessor-version":[{"id":8487,"href":"https:\/\/www.teno.cl\/portal2\/wp-json\/wp\/v2\/posts\/8474\/revisions\/8487"}],"wp:featuredmedia":[{"embeddable":true,"href":"https:\/\/www.teno.cl\/portal2\/wp-json\/wp\/v2\/media\/8483"}],"wp:attachment":[{"href":"https:\/\/www.teno.cl\/portal2\/wp-json\/wp\/v2\/media?parent=8474"}],"wp:term":[{"taxonomy":"category","embeddable":true,"href":"https:\/\/www.teno.cl\/portal2\/wp-json\/wp\/v2\/categories?post=8474"},{"taxonomy":"post_tag","embeddable":true,"href":"https:\/\/www.teno.cl\/portal2\/wp-json\/wp\/v2\/tags?post=8474"}],"curies":[{"name":"wp","href":"https:\/\/api.w.org\/{rel}","templated":true}]}}