{"id":8322,"date":"2024-12-23T16:27:02","date_gmt":"2024-12-23T19:27:02","guid":{"rendered":"https:\/\/www.teno.cl\/portal2\/?p=8322"},"modified":"2024-12-30T16:33:33","modified_gmt":"2024-12-30T19:33:33","slug":"cambio-de-recorrido-camion-recolector-fiestas-de-fin-de-ano","status":"publish","type":"post","link":"https:\/\/www.teno.cl\/portal2\/2024\/12\/23\/cambio-de-recorrido-camion-recolector-fiestas-de-fin-de-ano\/","title":{"rendered":"CAMBIO DE RECORRIDO CAMI\u00d3N RECOLECTOR FIESTAS DE FIN DE A\u00d1O"},"content":{"rendered":"\n<p>\ud835\udc02\ud835\udc1a\ud835\udc26\ud835\udc1b\ud835\udc22\ud835\udc28 \ud835\udc1d\ud835\udc1e \ud835\udc2b\ud835\udc1e\ud835\udc1c\ud835\udc28\ud835\udc2b\ud835\udc2b\ud835\udc22\ud835\udc1d\ud835\udc28 \ud835\udc1d\ud835\udc1e \ud835\udc1c\ud835\udc1a\ud835\udc26\ud835\udc22\u00f3\ud835\udc27 \ud835\udc2b\ud835\udc1e\ud835\udc1c\ud835\udc28\ud835\udc25\ud835\udc1e\ud835\udc1c\ud835\udc2d\ud835\udc28\ud835\udc2b \ud835\udc1d\ud835\udc1e \ud835\udc1b\ud835\udc1a\ud835\udc2c\ud835\udc2e\ud835\udc2b\ud835\udc1a \ud835\udc1d\u00ed\ud835\udc1a\ud835\udc2c \ud835\udfd0\ud835\udfd3 \ud835\udc1d\ud835\udc1e \ud835\udc1d\ud835\udc22\ud835\udc1c\ud835\udc22\ud835\udc1e\ud835\udc26\ud835\udc1b\ud835\udc2b\ud835\udc1e \ud835\udfd0\ud835\udfce\ud835\udfd0\ud835\udfd2 \ud835\udc32 \ud835\udfce\ud835\udfcf \ud835\udc1d\ud835\udc1e \ud835\udc1e\ud835\udc27\ud835\udc1e\ud835\udc2b\ud835\udc28 \ud835\udfd0\ud835\udfce\ud835\udfd0\ud835\udfd3 \ud835\udc1e\ud835\udc27 \ud835\udc2c\ud835\udc1e\ud835\udc1c\ud835\udc2d\ud835\udc28\ud835\udc2b\ud835\udc1e\ud835\udc2c \ud835\udc2b\ud835\udc2e\ud835\udc2b\ud835\udc1a\ud835\udc25\ud835\udc1e\ud835\udc2c \ud835\udc1d\ud835\udc1e \ud835\udc13\ud835\udc1e\ud835\udc27\ud835\udc28<\/p>\n\n\n\n<div class=\"wp-block-uagb-image uagb-block-ff3ef5f8 wp-block-uagb-image--layout-default wp-block-uagb-image--effect-static wp-block-uagb-image--align-none\"><figure class=\"wp-block-uagb-image__figure\"><img loading=\"lazy\" decoding=\"async\" srcset=\"https:\/\/www.teno.cl\/portal2\/wp-content\/uploads\/2024\/12\/471674619_921380473516810_3881865010062980981_n-1024x1024.jpg ,https:\/\/www.teno.cl\/portal2\/wp-content\/uploads\/2024\/12\/471674619_921380473516810_3881865010062980981_n.jpg 780w, https:\/\/www.teno.cl\/portal2\/wp-content\/uploads\/2024\/12\/471674619_921380473516810_3881865010062980981_n.jpg 360w\" sizes=\"auto, (max-width: 480px) 150px\" src=\"https:\/\/www.teno.cl\/portal2\/wp-content\/uploads\/2024\/12\/471674619_921380473516810_3881865010062980981_n-1024x1024.jpg\" alt=\"\" class=\"uag-image-8329\" width=\"394\" height=\"923\" title=\"471674619_921380473516810_3881865010062980981_n\" loading=\"lazy\" role=\"img\"\/><\/figure><\/div>\n\n\n\n<p>Atenci\u00f3n vecinos; informamos&nbsp;<a><\/a>que puesto a las fiestas de fin de a\u00f1o que se avecinan y para cubrir el servicio b\u00e1sico de recolecci\u00f3n de basura en los sectores rurales, se han dispuesto los siguientes cambios de recorrido:<\/p>\n\n\n\n<p><img decoding=\"async\" height=\"16\" width=\"16\" alt=\"\u2705\" src=\"https:\/\/ci3.googleusercontent.com\/meips\/ADKq_NYyEpnSZcnMiF-SlNq29IRx3iGn1dsQptFO3zW2iNKx8fVQD8LGZeYNe9lIHjxWSgRU4uRxvCx1S2lMgLdTSc7VxGVYQBe3HWpJiqd3qKcNu3cPEITA1A=s0-d-e1-ft#https:\/\/static.xx.fbcdn.net\/images\/emoji.php\/v9\/t33\/1\/16\/2705.png\">El recorrido correspondiente al sector rural del d\u00eda mi\u00e9rcoles 25 de diciembre, se llevar\u00e1 a cabo el d\u00eda s\u00e1bado 28 de diciembre de 2024.<\/p>\n\n\n\n<p><img decoding=\"async\" height=\"16\" width=\"16\" alt=\"\u2705\" src=\"https:\/\/ci3.googleusercontent.com\/meips\/ADKq_NYyEpnSZcnMiF-SlNq29IRx3iGn1dsQptFO3zW2iNKx8fVQD8LGZeYNe9lIHjxWSgRU4uRxvCx1S2lMgLdTSc7VxGVYQBe3HWpJiqd3qKcNu3cPEITA1A=s0-d-e1-ft#https:\/\/static.xx.fbcdn.net\/images\/emoji.php\/v9\/t33\/1\/16\/2705.png\">El recorrido correspondiente al sector rural del d\u00eda mi\u00e9rcoles 01 de enero de 2025, se llevar\u00e1 a cabo el d\u00eda 04 de enero de 2025.<\/p>\n\n\n\n<p>Nota: Estos recorridos ser\u00e1n de forma excepcional por estas fiestas solo en sectores rurales, de tal manera de mitigar la acumulaci\u00f3n de basura o microbasurales.<\/p>\n\n\n\n<p>\u00a1Comparte esta informaci\u00f3n con familia y vecinos, y ay\u00fadanos a informar!<\/p>\n\n\n\n<p><\/p>\n","protected":false},"excerpt":{"rendered":"<p>\ud835\udc02\ud835\udc1a\ud835\udc26\ud835\udc1b\ud835\udc22\ud835\udc28 \ud835\udc1d\ud835\udc1e \ud835\udc2b\ud835\udc1e\ud835\udc1c\ud835\udc28\ud835\udc2b\ud835\udc2b\ud835\udc22\ud835\udc1d\ud835\udc28 \ud835\udc1d\ud835\udc1e \ud835\udc1c\ud835\udc1a\ud835\udc26\ud835\udc22\u00f3\ud835\udc27 \ud835\udc2b\ud835\udc1e\ud835\udc1c\ud835\udc28\ud835\udc25\ud835\udc1e\ud835\udc1c\ud835\udc2d\ud835\udc28\ud835\udc2b \ud835\udc1d\ud835\udc1e \ud835\udc1b\ud835\udc1a\ud835\udc2c\ud835\udc2e\ud835\udc2b\ud835\udc1a \ud835\udc1d\u00ed\ud835\udc1a\ud835\udc2c \ud835\udfd0\ud835\udfd3 \ud835\udc1d\ud835\udc1e \ud835\udc1d\ud835\udc22\ud835\udc1c\ud835\udc22\ud835\udc1e\ud835\udc26\ud835\udc1b\ud835\udc2b\ud835\udc1e \ud835\udfd0\ud835\udfce\ud835\udfd0\ud835\udfd2 \ud835\udc32 \ud835\udfce\ud835\udfcf \ud835\udc1d\ud835\udc1e \ud835\udc1e\ud835\udc27\ud835\udc1e\ud835\udc2b\ud835\udc28 \ud835\udfd0\ud835\udfce\ud835\udfd0\ud835\udfd3 \ud835\udc1e\ud835\udc27 \ud835\udc2c\ud835\udc1e\ud835\udc1c\ud835\udc2d\ud835\udc28\ud835\udc2b\ud835\udc1e\ud835\udc2c \ud835\udc2b\ud835\udc2e\ud835\udc2b\ud835\udc1a\ud835\udc25\ud835\udc1e\ud835\udc2c \ud835\udc1d\ud835\udc1e \ud835\udc13\ud835\udc1e\ud835\udc27\ud835\udc28 Atenci\u00f3n vecinos; informamos&nbsp;que puesto a las fiestas de fin de a\u00f1o que se avecinan y para cubrir el servicio b\u00e1sico de recolecci\u00f3n de basura en los sectores rurales, se han dispuesto los &hellip;<\/p>\n<p class=\"read-more\"> <a class=\"\" href=\"https:\/\/www.teno.cl\/portal2\/2024\/12\/23\/cambio-de-recorrido-camion-recolector-fiestas-de-fin-de-ano\/\"> <span class=\"screen-reader-text\">CAMBIO DE RECORRIDO CAMI\u00d3N RECOLECTOR FIESTAS DE FIN DE A\u00d1O<\/span> Read More &raquo;<\/a><\/p>\n","protected":false},"author":1,"featured_media":8329,"comment_status":"closed","ping_status":"closed","sticky":false,"template":"elementor_theme","format":"standard","meta":{"_uag_custom_page_level_css":"","site-sidebar-layout":"no-sidebar","site-content-layout":"boxed-container","ast-global-header-display":"","ast-main-header-display":"enabled","ast-hfb-above-header-display":"","ast-hfb-below-header-display":"","ast-hfb-mobile-header-display":"","site-post-title":"enabled","ast-breadcrumbs-content":"disabled","ast-featured-img":"disabled","footer-sml-layout":"","theme-transparent-header-meta":"enabled","adv-header-id-meta":"","stick-header-meta":"","header-above-stick-meta":"","header-main-stick-meta":"","header-below-stick-meta":"","footnotes":""},"categories":[11],"tags":[],"class_list":["post-8322","post","type-post","status-publish","format-standard","has-post-thumbnail","hentry","category-noticias-municipales"],"uagb_featured_image_src":{"full":["https:\/\/www.teno.cl\/portal2\/wp-content\/uploads\/2024\/12\/471674619_921380473516810_3881865010062980981_n.jpg",2048,2048,false],"thumbnail":["https:\/\/www.teno.cl\/portal2\/wp-content\/uploads\/2024\/12\/471674619_921380473516810_3881865010062980981_n-150x150.jpg",150,150,true],"medium":["https:\/\/www.teno.cl\/portal2\/wp-content\/uploads\/2024\/12\/471674619_921380473516810_3881865010062980981_n-300x300.jpg",300,300,true],"medium_large":["https:\/\/www.teno.cl\/portal2\/wp-content\/uploads\/2024\/12\/471674619_921380473516810_3881865010062980981_n-768x768.jpg",768,768,true],"large":["https:\/\/www.teno.cl\/portal2\/wp-content\/uploads\/2024\/12\/471674619_921380473516810_3881865010062980981_n-1024x1024.jpg",1024,1024,true],"1536x1536":["https:\/\/www.teno.cl\/portal2\/wp-content\/uploads\/2024\/12\/471674619_921380473516810_3881865010062980981_n-1536x1536.jpg",1536,1536,true],"2048x2048":["https:\/\/www.teno.cl\/portal2\/wp-content\/uploads\/2024\/12\/471674619_921380473516810_3881865010062980981_n.jpg",2048,2048,false]},"uagb_author_info":{"display_name":"teno2022","author_link":"https:\/\/www.teno.cl\/portal2\/author\/teno2022\/"},"uagb_comment_info":0,"uagb_excerpt":"\ud835\udc02\ud835\udc1a\ud835\udc26\ud835\udc1b\ud835\udc22\ud835\udc28 \ud835\udc1d\ud835\udc1e \ud835\udc2b\ud835\udc1e\ud835\udc1c\ud835\udc28\ud835\udc2b\ud835\udc2b\ud835\udc22\ud835\udc1d\ud835\udc28 \ud835\udc1d\ud835\udc1e \ud835\udc1c\ud835\udc1a\ud835\udc26\ud835\udc22\u00f3\ud835\udc27 \ud835\udc2b\ud835\udc1e\ud835\udc1c\ud835\udc28\ud835\udc25\ud835\udc1e\ud835\udc1c\ud835\udc2d\ud835\udc28\ud835\udc2b \ud835\udc1d\ud835\udc1e \ud835\udc1b\ud835\udc1a\ud835\udc2c\ud835\udc2e\ud835\udc2b\ud835\udc1a \ud835\udc1d\u00ed\ud835\udc1a\ud835\udc2c \ud835\udfd0\ud835\udfd3 \ud835\udc1d\ud835\udc1e \ud835\udc1d\ud835\udc22\ud835\udc1c\ud835\udc22\ud835\udc1e\ud835\udc26\ud835\udc1b\ud835\udc2b\ud835\udc1e \ud835\udfd0\ud835\udfce\ud835\udfd0\ud835\udfd2 \ud835\udc32 \ud835\udfce\ud835\udfcf \ud835\udc1d\ud835\udc1e \ud835\udc1e\ud835\udc27\ud835\udc1e\ud835\udc2b\ud835\udc28 \ud835\udfd0\ud835\udfce\ud835\udfd0\ud835\udfd3 \ud835\udc1e\ud835\udc27 \ud835\udc2c\ud835\udc1e\ud835\udc1c\ud835\udc2d\ud835\udc28\ud835\udc2b\ud835\udc1e\ud835\udc2c \ud835\udc2b\ud835\udc2e\ud835\udc2b\ud835\udc1a\ud835\udc25\ud835\udc1e\ud835\udc2c \ud835\udc1d\ud835\udc1e \ud835\udc13\ud835\udc1e\ud835\udc27\ud835\udc28 Atenci\u00f3n vecinos; informamos&nbsp;que puesto a las fiestas de fin de a\u00f1o que se avecinan y para cubrir el servicio b\u00e1sico de recolecci\u00f3n de basura en los sectores rurales, se han dispuesto los&hellip;","_links":{"self":[{"href":"https:\/\/www.teno.cl\/portal2\/wp-json\/wp\/v2\/posts\/8322","targetHints":{"allow":["GET"]}}],"collection":[{"href":"https:\/\/www.teno.cl\/portal2\/wp-json\/wp\/v2\/posts"}],"about":[{"href":"https:\/\/www.teno.cl\/portal2\/wp-json\/wp\/v2\/types\/post"}],"author":[{"embeddable":true,"href":"https:\/\/www.teno.cl\/portal2\/wp-json\/wp\/v2\/users\/1"}],"replies":[{"embeddable":true,"href":"https:\/\/www.teno.cl\/portal2\/wp-json\/wp\/v2\/comments?post=8322"}],"version-history":[{"count":1,"href":"https:\/\/www.teno.cl\/portal2\/wp-json\/wp\/v2\/posts\/8322\/revisions"}],"predecessor-version":[{"id":8331,"href":"https:\/\/www.teno.cl\/portal2\/wp-json\/wp\/v2\/posts\/8322\/revisions\/8331"}],"wp:featuredmedia":[{"embeddable":true,"href":"https:\/\/www.teno.cl\/portal2\/wp-json\/wp\/v2\/media\/8329"}],"wp:attachment":[{"href":"https:\/\/www.teno.cl\/portal2\/wp-json\/wp\/v2\/media?parent=8322"}],"wp:term":[{"taxonomy":"category","embeddable":true,"href":"https:\/\/www.teno.cl\/portal2\/wp-json\/wp\/v2\/categories?post=8322"},{"taxonomy":"post_tag","embeddable":true,"href":"https:\/\/www.teno.cl\/portal2\/wp-json\/wp\/v2\/tags?post=8322"}],"curies":[{"name":"wp","href":"https:\/\/api.w.org\/{rel}","templated":true}]}}