{"id":8223,"date":"2024-12-30T12:54:00","date_gmt":"2024-12-30T15:54:00","guid":{"rendered":"https:\/\/www.teno.cl\/portal2\/?p=8223"},"modified":"2024-12-30T16:34:28","modified_gmt":"2024-12-30T19:34:28","slug":"participacion-ciudadana-conoce-las-tres-ordenanzas-donde-los-teninos-tienen-voz-y-voto-copia","status":"publish","type":"post","link":"https:\/\/www.teno.cl\/portal2\/2024\/12\/30\/participacion-ciudadana-conoce-las-tres-ordenanzas-donde-los-teninos-tienen-voz-y-voto-copia\/","title":{"rendered":"MUNICIPIO DE TENO INVITA A CELEBRAR EL A\u00d1O NUEVO CON FIESTA AL AIRE LIBRE"},"content":{"rendered":"\n<p>La Municipalidad de la comuna se prepara para ofrecer un gran baile, con m\u00fasica en vivo, donde se dar\u00e1 cita al cierre del a\u00f1o 2024 en un ambiente familiar.<\/p>\n\n\n\n<figure class=\"wp-block-image aligncenter size-large\"><img fetchpriority=\"high\" decoding=\"async\" width=\"819\" height=\"1024\" src=\"https:\/\/www.teno.cl\/portal2\/wp-content\/uploads\/2024\/12\/27-12-2024-819x1024.png\" alt=\"\" class=\"wp-image-8252\" srcset=\"https:\/\/www.teno.cl\/portal2\/wp-content\/uploads\/2024\/12\/27-12-2024-819x1024.png 819w, https:\/\/www.teno.cl\/portal2\/wp-content\/uploads\/2024\/12\/27-12-2024-240x300.png 240w, https:\/\/www.teno.cl\/portal2\/wp-content\/uploads\/2024\/12\/27-12-2024-768x960.png 768w, https:\/\/www.teno.cl\/portal2\/wp-content\/uploads\/2024\/12\/27-12-2024-1229x1536.png 1229w, https:\/\/www.teno.cl\/portal2\/wp-content\/uploads\/2024\/12\/27-12-2024-1638x2048.png 1638w\" sizes=\"(max-width: 819px) 100vw, 819px\" \/><\/figure>\n\n\n\n<p>La Avenida Comalle este martes 31 de diciembre, desde las 23:40 horas, se llenar\u00e1 de ambiente festivo con la invitaci\u00f3n del Municipio Tenino para festejar la llegada del a\u00f1o 2025.<br>Los encargados de poner ritmo y alegr\u00eda, a este evento de cierre de a\u00f1o ser\u00e1n reconocidas bandas de la Provincia de estilos musicales para todas las edades y gustos, especialmente pachanguero. Los confirmados a presentarse en este escenario que se ubicar\u00e1 en Avenida Comalle pasado la intersecci\u00f3n de Avenida Lautaro, ser\u00edan grupos; P\u00f3ngale Pariente, Los Tigres de Comalle, DJ, y otros artistas. Adem\u00e1s, de un reconocido animador que a\u00fan est\u00e1 por confirmar. El evento que ser\u00e1 gratuito y al aire libre considera cotill\u00f3n para todos los<br>asistentes, para dar contexto de celebraci\u00f3n, y generar un ambiente de amistad y familiar. Por su parte, El Alcalde de Teno, W\u00edldo Far\u00edas Gonz\u00e1lez, extendi\u00f3 la invitaci\u00f3n a toda la comunidad para que lo puedan acompa\u00f1ar y puedan disfrutar sin salir de la comuna, evitando as\u00ed mayores riesgos. Por otro lado, tambi\u00e9n la autoridad Tenina, hizo un llamado a la responsabilidad y a celebrar con precauci\u00f3n en estas fechas de fin de a\u00f1o. Esta celebraci\u00f3n de A\u00f1o Nuevo 2025, esta vez en Teno no considera fuegos artificiales, seg\u00fan lo mencionado en las redes sociales del Municipio se\u00f1alando, que es \u201cuna decisi\u00f3n para respetar y mantener en resguardo de personas con capacidades diferentes, mascotas, personas mayores y respetar el Medio Ambiente.<\/p>\n\n\n\n<p><\/p>\n","protected":false},"excerpt":{"rendered":"<p>La Municipalidad de la comuna se prepara para ofrecer un gran baile, con m\u00fasica en vivo, donde se dar\u00e1 cita al cierre del a\u00f1o 2024 en un ambiente familiar. La Avenida Comalle este martes 31 de diciembre, desde las 23:40 horas, se llenar\u00e1 de ambiente festivo con la invitaci\u00f3n del Municipio Tenino para festejar la &hellip;<\/p>\n<p class=\"read-more\"> <a class=\"\" href=\"https:\/\/www.teno.cl\/portal2\/2024\/12\/30\/participacion-ciudadana-conoce-las-tres-ordenanzas-donde-los-teninos-tienen-voz-y-voto-copia\/\"> <span class=\"screen-reader-text\">MUNICIPIO DE TENO INVITA A CELEBRAR EL A\u00d1O NUEVO CON FIESTA AL AIRE LIBRE<\/span> Read More &raquo;<\/a><\/p>\n","protected":false},"author":1,"featured_media":8252,"comment_status":"closed","ping_status":"closed","sticky":false,"template":"elementor_theme","format":"standard","meta":{"_uag_custom_page_level_css":"","site-sidebar-layout":"no-sidebar","site-content-layout":"boxed-container","ast-global-header-display":"","ast-main-header-display":"enabled","ast-hfb-above-header-display":null,"ast-hfb-below-header-display":null,"ast-hfb-mobile-header-display":null,"site-post-title":"enabled","ast-breadcrumbs-content":"disabled","ast-featured-img":"disabled","footer-sml-layout":"","theme-transparent-header-meta":"enabled","adv-header-id-meta":null,"stick-header-meta":null,"header-above-stick-meta":null,"header-main-stick-meta":null,"header-below-stick-meta":null,"footnotes":""},"categories":[11],"tags":[],"class_list":["post-8223","post","type-post","status-publish","format-standard","has-post-thumbnail","hentry","category-noticias-municipales"],"uagb_featured_image_src":{"full":["https:\/\/www.teno.cl\/portal2\/wp-content\/uploads\/2024\/12\/27-12-2024.png",4500,5625,false],"thumbnail":["https:\/\/www.teno.cl\/portal2\/wp-content\/uploads\/2024\/12\/27-12-2024-150x150.png",150,150,true],"medium":["https:\/\/www.teno.cl\/portal2\/wp-content\/uploads\/2024\/12\/27-12-2024-240x300.png",240,300,true],"medium_large":["https:\/\/www.teno.cl\/portal2\/wp-content\/uploads\/2024\/12\/27-12-2024-768x960.png",768,960,true],"large":["https:\/\/www.teno.cl\/portal2\/wp-content\/uploads\/2024\/12\/27-12-2024-819x1024.png",819,1024,true],"1536x1536":["https:\/\/www.teno.cl\/portal2\/wp-content\/uploads\/2024\/12\/27-12-2024-1229x1536.png",1229,1536,true],"2048x2048":["https:\/\/www.teno.cl\/portal2\/wp-content\/uploads\/2024\/12\/27-12-2024-1638x2048.png",1638,2048,true]},"uagb_author_info":{"display_name":"teno2022","author_link":"https:\/\/www.teno.cl\/portal2\/author\/teno2022\/"},"uagb_comment_info":0,"uagb_excerpt":"La Municipalidad de la comuna se prepara para ofrecer un gran baile, con m\u00fasica en vivo, donde se dar\u00e1 cita al cierre del a\u00f1o 2024 en un ambiente familiar. La Avenida Comalle este martes 31 de diciembre, desde las 23:40 horas, se llenar\u00e1 de ambiente festivo con la invitaci\u00f3n del Municipio Tenino para festejar la&hellip;","_links":{"self":[{"href":"https:\/\/www.teno.cl\/portal2\/wp-json\/wp\/v2\/posts\/8223","targetHints":{"allow":["GET"]}}],"collection":[{"href":"https:\/\/www.teno.cl\/portal2\/wp-json\/wp\/v2\/posts"}],"about":[{"href":"https:\/\/www.teno.cl\/portal2\/wp-json\/wp\/v2\/types\/post"}],"author":[{"embeddable":true,"href":"https:\/\/www.teno.cl\/portal2\/wp-json\/wp\/v2\/users\/1"}],"replies":[{"embeddable":true,"href":"https:\/\/www.teno.cl\/portal2\/wp-json\/wp\/v2\/comments?post=8223"}],"version-history":[{"count":3,"href":"https:\/\/www.teno.cl\/portal2\/wp-json\/wp\/v2\/posts\/8223\/revisions"}],"predecessor-version":[{"id":8254,"href":"https:\/\/www.teno.cl\/portal2\/wp-json\/wp\/v2\/posts\/8223\/revisions\/8254"}],"wp:featuredmedia":[{"embeddable":true,"href":"https:\/\/www.teno.cl\/portal2\/wp-json\/wp\/v2\/media\/8252"}],"wp:attachment":[{"href":"https:\/\/www.teno.cl\/portal2\/wp-json\/wp\/v2\/media?parent=8223"}],"wp:term":[{"taxonomy":"category","embeddable":true,"href":"https:\/\/www.teno.cl\/portal2\/wp-json\/wp\/v2\/categories?post=8223"},{"taxonomy":"post_tag","embeddable":true,"href":"https:\/\/www.teno.cl\/portal2\/wp-json\/wp\/v2\/tags?post=8223"}],"curies":[{"name":"wp","href":"https:\/\/api.w.org\/{rel}","templated":true}]}}