{"id":7010,"date":"2024-08-14T16:46:46","date_gmt":"2024-08-14T19:46:46","guid":{"rendered":"https:\/\/www.teno.cl\/portal2\/?p=7010"},"modified":"2024-08-14T16:49:43","modified_gmt":"2024-08-14T19:49:43","slug":"polideportivo-de-teno-recibe-el-campeonato-regional-de-volleyball-escolar","status":"publish","type":"post","link":"https:\/\/www.teno.cl\/portal2\/2024\/08\/14\/polideportivo-de-teno-recibe-el-campeonato-regional-de-volleyball-escolar\/","title":{"rendered":"POLIDEPORTIVO DE TENO RECIBE EL CAMPEONATO REGIONAL DE VOLLEYBALL ESCOLAR"},"content":{"rendered":"\n<figure class=\"wp-block-image size-large is-resized\"><img fetchpriority=\"high\" decoding=\"async\" width=\"1024\" height=\"684\" src=\"https:\/\/www.teno.cl\/portal2\/wp-content\/uploads\/2024\/08\/image-1024x684.png\" alt=\"\" class=\"wp-image-7011\" style=\"width:1197px;height:auto\" srcset=\"https:\/\/www.teno.cl\/portal2\/wp-content\/uploads\/2024\/08\/image-1024x684.png 1024w, https:\/\/www.teno.cl\/portal2\/wp-content\/uploads\/2024\/08\/image-300x200.png 300w, https:\/\/www.teno.cl\/portal2\/wp-content\/uploads\/2024\/08\/image-768x513.png 768w, https:\/\/www.teno.cl\/portal2\/wp-content\/uploads\/2024\/08\/image-1536x1026.png 1536w, https:\/\/www.teno.cl\/portal2\/wp-content\/uploads\/2024\/08\/image.png 2048w\" sizes=\"(max-width: 1024px) 100vw, 1024px\" \/><\/figure>\n\n\n\n<p><em>Los ganadores de este encuentro deportivo seguir\u00e1n compitiendo en el campeonato<\/em> <em>nacional, que se jugar\u00e1 en la Regi\u00f3n Metropolitana durante el mes de octubre, con<\/em> <em>chances de llegar hasta el Campeonato Sudamericano.<\/em><\/p>\n\n\n\n<p>Este viernes 9 de agosto se desarroll\u00f3 en el Polideportivo de Teno, el Campeonato Regional de Volleyball Escolar Sub 14, el cual fue organizado por el \u00c1rea Extraescolar del Departamento de Administraci\u00f3n de Educaci\u00f3n Municipal DAEM Teno y el Instituto Nacional del Deporte (IND).<\/p>\n\n\n\n<p>Los participantes de esta final, provienen de distintas ciudades de la Regi\u00f3n del Maule y los ganadores representar\u00e1n a la regi\u00f3n en el campeonato nacional. En damas, las finalistas son las selecciones del Colegio Ingl\u00e9s de Talca, el Instituto Linares y la Alianza Francesa Curic\u00f3. En los equipos de varones llegaron a la final el Colegio Aquelarre de Teno, el Complejo Educacional de Maule y el Instituto Linares.<\/p>\n\n\n\n<p>La Alcaldesa de Teno, Sandra Am\u00e9stica, extendi\u00f3 su agradecimiento a quienes gestionaron este importante encuentro deportivo: \u201cAgradecer al Instituto Nacional de Deporte, por considerarnos para ser sede, eso es s\u00faper importante porque nos da un realce como comuna en nuestro lindo Polideportivo que tenemos en nuestra comuna de Teno. As\u00ed que agradecer tambi\u00e9n al DAEM y a su \u00e1rea extraescolar, al gerente de deportes Italo Espinoza y tambi\u00e9n a Marcelo Toro, quien gestiona todo esto. Creo que es maravilloso darle la bienvenida a todos quienes est\u00e1n aqu\u00ed en nuestra comuna en estos momentos disfrutando de un lindo deporte como es el volleyball\u201d, sostuvo la m\u00e1xima autoridad comunal.<\/p>\n\n\n\n<p>El encargado del Departamento de Deporte Escolar del Instituto Nacional de Deporte en la Regi\u00f3n del Maule, Carlos Valenzuela, se refiri\u00f3 al desarrollo del campeonato y afirm\u00f3:<br>\u201cLo que nos convoca hoy d\u00eda es la final regional escolar sub 14 de volleyball de damas y varones. Hoy d\u00eda se van a obtener los dos primeros lugares que nos van a representar en la Regi\u00f3n del Maule en la final nacional en el mes de octubre, all\u00e1 en la Regi\u00f3n Metropolitana. Ojal\u00e1 que estemos tambi\u00e9n en el Sudamericano porque despu\u00e9s del nacional viene un Sudam\u00e9ricano, como el a\u00f1o pasado que Linares fue de parte del nacional, est\u00e1 en el d\u00eda de hoy ac\u00e1 presentes y nos representaron a Chile como el equipo chileno escolar en el sudamericano sub 14\u201d.<\/p>\n\n\n\n<p>Adem\u00e1s agreg\u00f3 que: \u201cAgradecer a la Municipalidad de Teno que hizo posible que estemos ac\u00e1, a su Alcaldesa y a su departamento extraescolar, tienen impecable el Polideportivo y es bueno para la comunidad, para que puedan observar diferentes deportes y tambi\u00e9n diferentes realidades de otras comunas y provincias. Vamos a ir variando, el pr\u00f3ximo a\u00f1o queremos hacer la final de balonmano y de futsal ac\u00e1 en Teno. As\u00ed que siempre agradecido la comuna de Teno que siempre hacen posible que estemos ac\u00e1 con nuestras actividades\u201d, inform\u00f3 la autoridad deportiva.<\/p>\n\n\n\n<p>Por su parte, el Gerente de la Corporaci\u00f3n de Deportes de Teno, Italo Espinoza, se refiri\u00f3 a la infraetructura del Polideportivo de Teno: \u201cBueno para nosotros como Corporaci\u00f3n de Deportes es un privilegio poder ser sede de un regional que est\u00e1 siendo organizado por el \u00e1rea extraescolar del Departamento DAEM, agradecemos a Marcelo Toro, a todo el equipo, a nuestra Alcaldesa que es una de las primeras que ha dado la posibilidad que nuestro polideportivo sea sede regional y esperemos que no sea sede solamente un regional sino que porque no podemos tener el d\u00eda ma\u00f1ana tener un nacional. Obviamente, la infraestructura cumple con los requisitos, as\u00ed que esperemos que los j\u00f3venes que est\u00e1n representando hoy d\u00eda la provincia y a la comuna de Teno, tengan esta chance que nos representen el nacional\u201d, relat\u00f3.<\/p>\n\n\n\n<p>En representaci\u00f3n de los apoderados del Colegio Aquelarre de Teno, Paola Barrios, expres\u00f3: \u201cLa verdad que s\u00faper contenta de esta iniciativa, m\u00e1s que se haga ac\u00e1 en Teno para impulsar el deporte y la vida sana, especialmente para que los ni\u00f1os para que tengan algo m\u00e1s saludable, m\u00e1s entretenido y en Teno, para que tambi\u00e9n reanimemos a los dem\u00e1s ni\u00f1os a que sigan participando en esto\u201d, dijo la apoderada.<\/p>\n\n\n\n<p>Desde el municipio de Teno, sostienen que seguir\u00e1n apoyando \u00e9ste tipo de actividades deportivas, puesto que el deporte es fundamental para el desarrollo de ni\u00f1os, ni\u00f1as y  adolescentes, la vida sana y el trabajo en equipo. El ganador de este encuentro regional seguir\u00e1 en la carrera por el el campeonato nacional, el cual se desarrollar\u00e1 en Santiago durante el mes de octubre, por lo que el llamado es a estar atentos y apoyar a las selecciones maulinas.<\/p>\n","protected":false},"excerpt":{"rendered":"<p>Los ganadores de este encuentro deportivo seguir\u00e1n compitiendo en el campeonato nacional, que se jugar\u00e1 en la Regi\u00f3n Metropolitana durante el mes de octubre, con chances de llegar hasta el Campeonato Sudamericano. Este viernes 9 de agosto se desarroll\u00f3 en el Polideportivo de Teno, el Campeonato Regional de Volleyball Escolar Sub 14, el cual fue &hellip;<\/p>\n<p class=\"read-more\"> <a class=\"\" href=\"https:\/\/www.teno.cl\/portal2\/2024\/08\/14\/polideportivo-de-teno-recibe-el-campeonato-regional-de-volleyball-escolar\/\"> <span class=\"screen-reader-text\">POLIDEPORTIVO DE TENO RECIBE EL CAMPEONATO REGIONAL DE VOLLEYBALL ESCOLAR<\/span> Read More &raquo;<\/a><\/p>\n","protected":false},"author":1,"featured_media":7007,"comment_status":"closed","ping_status":"closed","sticky":false,"template":"elementor_theme","format":"standard","meta":{"_uag_custom_page_level_css":"","site-sidebar-layout":"no-sidebar","site-content-layout":"boxed-container","ast-global-header-display":"","ast-main-header-display":"enabled","ast-hfb-above-header-display":"","ast-hfb-below-header-display":"","ast-hfb-mobile-header-display":"","site-post-title":"enabled","ast-breadcrumbs-content":"disabled","ast-featured-img":"disabled","footer-sml-layout":"","theme-transparent-header-meta":"enabled","adv-header-id-meta":null,"stick-header-meta":null,"header-above-stick-meta":null,"header-main-stick-meta":null,"header-below-stick-meta":null,"footnotes":""},"categories":[11],"tags":[],"class_list":["post-7010","post","type-post","status-publish","format-standard","has-post-thumbnail","hentry","category-noticias-municipales"],"uagb_featured_image_src":{"full":["https:\/\/www.teno.cl\/portal2\/wp-content\/uploads\/2024\/08\/Campeonato-Regional-de-Volleyball-sub-14-1-2048x1368-1.jpeg",2048,1368,false],"thumbnail":["https:\/\/www.teno.cl\/portal2\/wp-content\/uploads\/2024\/08\/Campeonato-Regional-de-Volleyball-sub-14-1-2048x1368-1-150x150.jpeg",150,150,true],"medium":["https:\/\/www.teno.cl\/portal2\/wp-content\/uploads\/2024\/08\/Campeonato-Regional-de-Volleyball-sub-14-1-2048x1368-1-300x200.jpeg",300,200,true],"medium_large":["https:\/\/www.teno.cl\/portal2\/wp-content\/uploads\/2024\/08\/Campeonato-Regional-de-Volleyball-sub-14-1-2048x1368-1-768x513.jpeg",768,513,true],"large":["https:\/\/www.teno.cl\/portal2\/wp-content\/uploads\/2024\/08\/Campeonato-Regional-de-Volleyball-sub-14-1-2048x1368-1-1024x684.jpeg",1024,684,true],"1536x1536":["https:\/\/www.teno.cl\/portal2\/wp-content\/uploads\/2024\/08\/Campeonato-Regional-de-Volleyball-sub-14-1-2048x1368-1-1536x1026.jpeg",1536,1026,true],"2048x2048":["https:\/\/www.teno.cl\/portal2\/wp-content\/uploads\/2024\/08\/Campeonato-Regional-de-Volleyball-sub-14-1-2048x1368-1.jpeg",2048,1368,false]},"uagb_author_info":{"display_name":"teno2022","author_link":"https:\/\/www.teno.cl\/portal2\/author\/teno2022\/"},"uagb_comment_info":0,"uagb_excerpt":"Los ganadores de este encuentro deportivo seguir\u00e1n compitiendo en el campeonato nacional, que se jugar\u00e1 en la Regi\u00f3n Metropolitana durante el mes de octubre, con chances de llegar hasta el Campeonato Sudamericano. Este viernes 9 de agosto se desarroll\u00f3 en el Polideportivo de Teno, el Campeonato Regional de Volleyball Escolar Sub 14, el cual fue&hellip;","_links":{"self":[{"href":"https:\/\/www.teno.cl\/portal2\/wp-json\/wp\/v2\/posts\/7010","targetHints":{"allow":["GET"]}}],"collection":[{"href":"https:\/\/www.teno.cl\/portal2\/wp-json\/wp\/v2\/posts"}],"about":[{"href":"https:\/\/www.teno.cl\/portal2\/wp-json\/wp\/v2\/types\/post"}],"author":[{"embeddable":true,"href":"https:\/\/www.teno.cl\/portal2\/wp-json\/wp\/v2\/users\/1"}],"replies":[{"embeddable":true,"href":"https:\/\/www.teno.cl\/portal2\/wp-json\/wp\/v2\/comments?post=7010"}],"version-history":[{"count":1,"href":"https:\/\/www.teno.cl\/portal2\/wp-json\/wp\/v2\/posts\/7010\/revisions"}],"predecessor-version":[{"id":7012,"href":"https:\/\/www.teno.cl\/portal2\/wp-json\/wp\/v2\/posts\/7010\/revisions\/7012"}],"wp:featuredmedia":[{"embeddable":true,"href":"https:\/\/www.teno.cl\/portal2\/wp-json\/wp\/v2\/media\/7007"}],"wp:attachment":[{"href":"https:\/\/www.teno.cl\/portal2\/wp-json\/wp\/v2\/media?parent=7010"}],"wp:term":[{"taxonomy":"category","embeddable":true,"href":"https:\/\/www.teno.cl\/portal2\/wp-json\/wp\/v2\/categories?post=7010"},{"taxonomy":"post_tag","embeddable":true,"href":"https:\/\/www.teno.cl\/portal2\/wp-json\/wp\/v2\/tags?post=7010"}],"curies":[{"name":"wp","href":"https:\/\/api.w.org\/{rel}","templated":true}]}}