{"id":11449,"date":"2026-01-19T12:02:20","date_gmt":"2026-01-19T15:02:20","guid":{"rendered":"https:\/\/www.teno.cl\/portal2\/?p=11449"},"modified":"2026-01-19T12:03:30","modified_gmt":"2026-01-19T15:03:30","slug":"primer-plan-de-accion-comunal-de-cambio-climatico-teno","status":"publish","type":"post","link":"https:\/\/www.teno.cl\/portal2\/2026\/01\/19\/primer-plan-de-accion-comunal-de-cambio-climatico-teno\/","title":{"rendered":"CONOCE EL PRIMER PLAN DE ACCI\u00d3N COMUNAL DE CAMBIO CLIM\u00c1TICO TENO"},"content":{"rendered":"\n<p>Te invitamos a conocer el primer <strong>Plan de Acci\u00f3n Comunal de Cambio Clim\u00e1tico<\/strong>, una hoja de ruta construida junto a la comunidad y actores clave de Teno. Este plan busca proteger nuestra biodiversidad y asegurar el bienestar de todas y todos mediante acciones de adaptaci\u00f3n y mitigaci\u00f3n proyectadas para los pr\u00f3ximos cinco a\u00f1os.<\/p>\n\n\n\n<p><img decoding=\"async\" height=\"16\" width=\"16\" alt=\"\ud83c\udf31\" src=\"https:\/\/static.xx.fbcdn.net\/images\/emoji.php\/v9\/t69\/1\/16\/1f331.png\"> Inf\u00f3rmate y participa: Revisa los detalles del plan en este documento y accede a la versi\u00f3n ilustrada en siguiente enlace: <a href=\"https:\/\/online.fliphtml5.com\/MuniTeno\/mxsi\/?fbclid=IwZXh0bgNhZW0CMTAAYnJpZBExSllJSVp0UU1tM3RkUjdTVnNydGMGYXBwX2lkEDIyMjAzOTE3ODgyMDA4OTIAAR5fm0YVLS6fN3bPEf4hCcPcxsKpmD1uAXKiQl7R8SojSg0840Np-nN-xqoMYQ_aem_kGrZeDxFA_63TXequD8hgw\" rel=\"noreferrer noopener\" target=\"_blank\">https:\/\/online.fliphtml5.com\/MuniTeno\/mxsi\/<\/a><\/p>\n\n\n\n<p>\u00a1Es momento de actuar por nuestro clima!<\/p>\n\n\n\n<figure class=\"wp-block-image size-large\"><img fetchpriority=\"high\" decoding=\"async\" width=\"791\" height=\"1024\" src=\"https:\/\/www.teno.cl\/portal2\/wp-content\/uploads\/2026\/01\/PACCC_TENO-2025-1_page-0001-1-791x1024.jpg\" alt=\"\" class=\"wp-image-11450\" srcset=\"https:\/\/www.teno.cl\/portal2\/wp-content\/uploads\/2026\/01\/PACCC_TENO-2025-1_page-0001-1-791x1024.jpg 791w, https:\/\/www.teno.cl\/portal2\/wp-content\/uploads\/2026\/01\/PACCC_TENO-2025-1_page-0001-1-232x300.jpg 232w, https:\/\/www.teno.cl\/portal2\/wp-content\/uploads\/2026\/01\/PACCC_TENO-2025-1_page-0001-1-768x994.jpg 768w, https:\/\/www.teno.cl\/portal2\/wp-content\/uploads\/2026\/01\/PACCC_TENO-2025-1_page-0001-1-1187x1536.jpg 1187w, https:\/\/www.teno.cl\/portal2\/wp-content\/uploads\/2026\/01\/PACCC_TENO-2025-1_page-0001-1.jpg 1275w\" sizes=\"(max-width: 791px) 100vw, 791px\" \/><\/figure>\n\n\n\n<div class=\"wp-block-columns is-layout-flex wp-container-core-columns-is-layout-28f84493 wp-block-columns-is-layout-flex\">\n<div class=\"wp-block-column is-vertically-aligned-center is-layout-flow wp-block-column-is-layout-flow\"><\/div>\n\n\n\n<div class=\"wp-block-column is-layout-flow wp-block-column-is-layout-flow\"><\/div>\n\n\n\n<div class=\"wp-block-column is-vertically-aligned-center is-layout-flow wp-block-column-is-layout-flow\"><\/div>\n\n\n\n<div class=\"wp-block-column is-layout-flow wp-block-column-is-layout-flow\"><\/div>\n<\/div>\n\n\n\n<p><\/p>\n","protected":false},"excerpt":{"rendered":"<p>Te invitamos a conocer el primer Plan de Acci\u00f3n Comunal de Cambio Clim\u00e1tico, una hoja de ruta construida junto a la comunidad y actores clave de Teno. Este plan busca proteger nuestra biodiversidad y asegurar el bienestar de todas y todos mediante acciones de adaptaci\u00f3n y mitigaci\u00f3n proyectadas para los pr\u00f3ximos cinco a\u00f1os. Inf\u00f3rmate y &hellip;<\/p>\n<p class=\"read-more\"> <a class=\"\" href=\"https:\/\/www.teno.cl\/portal2\/2026\/01\/19\/primer-plan-de-accion-comunal-de-cambio-climatico-teno\/\"> <span class=\"screen-reader-text\">CONOCE EL PRIMER PLAN DE ACCI\u00d3N COMUNAL DE CAMBIO CLIM\u00c1TICO TENO<\/span> Read More &raquo;<\/a><\/p>\n","protected":false},"author":4,"featured_media":11455,"comment_status":"closed","ping_status":"closed","sticky":false,"template":"","format":"standard","meta":{"_uag_custom_page_level_css":"","site-sidebar-layout":"no-sidebar","site-content-layout":"boxed-container","ast-global-header-display":"","ast-main-header-display":"","ast-hfb-above-header-display":"","ast-hfb-below-header-display":"","ast-hfb-mobile-header-display":"","site-post-title":"","ast-breadcrumbs-content":"disabled","ast-featured-img":"disabled","footer-sml-layout":"","theme-transparent-header-meta":"default","adv-header-id-meta":"","stick-header-meta":"","header-above-stick-meta":"","header-main-stick-meta":"","header-below-stick-meta":"","footnotes":""},"categories":[11],"tags":[60,9,62,10],"class_list":["post-11449","post","type-post","status-publish","format-standard","has-post-thumbnail","hentry","category-noticias-municipales","tag-medio-ambiente","tag-municipalidad-de-teno","tag-paac","tag-teno"],"uagb_featured_image_src":{"full":["https:\/\/www.teno.cl\/portal2\/wp-content\/uploads\/2026\/01\/PACCC_TENO-2025-1_page-0001-2.jpg",1275,1650,false],"thumbnail":["https:\/\/www.teno.cl\/portal2\/wp-content\/uploads\/2026\/01\/PACCC_TENO-2025-1_page-0001-2-150x150.jpg",150,150,true],"medium":["https:\/\/www.teno.cl\/portal2\/wp-content\/uploads\/2026\/01\/PACCC_TENO-2025-1_page-0001-2-232x300.jpg",232,300,true],"medium_large":["https:\/\/www.teno.cl\/portal2\/wp-content\/uploads\/2026\/01\/PACCC_TENO-2025-1_page-0001-2-768x994.jpg",768,994,true],"large":["https:\/\/www.teno.cl\/portal2\/wp-content\/uploads\/2026\/01\/PACCC_TENO-2025-1_page-0001-2-791x1024.jpg",791,1024,true],"1536x1536":["https:\/\/www.teno.cl\/portal2\/wp-content\/uploads\/2026\/01\/PACCC_TENO-2025-1_page-0001-2-1187x1536.jpg",1187,1536,true],"2048x2048":["https:\/\/www.teno.cl\/portal2\/wp-content\/uploads\/2026\/01\/PACCC_TENO-2025-1_page-0001-2.jpg",1275,1650,false]},"uagb_author_info":{"display_name":"Benjamin Reyes","author_link":"https:\/\/www.teno.cl\/portal2\/author\/breyes\/"},"uagb_comment_info":0,"uagb_excerpt":"Te invitamos a conocer el primer Plan de Acci\u00f3n Comunal de Cambio Clim\u00e1tico, una hoja de ruta construida junto a la comunidad y actores clave de Teno. Este plan busca proteger nuestra biodiversidad y asegurar el bienestar de todas y todos mediante acciones de adaptaci\u00f3n y mitigaci\u00f3n proyectadas para los pr\u00f3ximos cinco a\u00f1os. Inf\u00f3rmate y&hellip;","_links":{"self":[{"href":"https:\/\/www.teno.cl\/portal2\/wp-json\/wp\/v2\/posts\/11449","targetHints":{"allow":["GET"]}}],"collection":[{"href":"https:\/\/www.teno.cl\/portal2\/wp-json\/wp\/v2\/posts"}],"about":[{"href":"https:\/\/www.teno.cl\/portal2\/wp-json\/wp\/v2\/types\/post"}],"author":[{"embeddable":true,"href":"https:\/\/www.teno.cl\/portal2\/wp-json\/wp\/v2\/users\/4"}],"replies":[{"embeddable":true,"href":"https:\/\/www.teno.cl\/portal2\/wp-json\/wp\/v2\/comments?post=11449"}],"version-history":[{"count":3,"href":"https:\/\/www.teno.cl\/portal2\/wp-json\/wp\/v2\/posts\/11449\/revisions"}],"predecessor-version":[{"id":11454,"href":"https:\/\/www.teno.cl\/portal2\/wp-json\/wp\/v2\/posts\/11449\/revisions\/11454"}],"wp:featuredmedia":[{"embeddable":true,"href":"https:\/\/www.teno.cl\/portal2\/wp-json\/wp\/v2\/media\/11455"}],"wp:attachment":[{"href":"https:\/\/www.teno.cl\/portal2\/wp-json\/wp\/v2\/media?parent=11449"}],"wp:term":[{"taxonomy":"category","embeddable":true,"href":"https:\/\/www.teno.cl\/portal2\/wp-json\/wp\/v2\/categories?post=11449"},{"taxonomy":"post_tag","embeddable":true,"href":"https:\/\/www.teno.cl\/portal2\/wp-json\/wp\/v2\/tags?post=11449"}],"curies":[{"name":"wp","href":"https:\/\/api.w.org\/{rel}","templated":true}]}}