{"id":11435,"date":"2026-01-07T10:22:05","date_gmt":"2026-01-07T13:22:05","guid":{"rendered":"https:\/\/www.teno.cl\/portal2\/?p=11435"},"modified":"2026-01-07T10:22:05","modified_gmt":"2026-01-07T13:22:05","slug":"operativo-juridico-gratuito-permitira-a-vecinos-resolver-tramites-legales-sin-costo-y-sin-salir-de-la-comuna","status":"publish","type":"post","link":"https:\/\/www.teno.cl\/portal2\/2026\/01\/07\/operativo-juridico-gratuito-permitira-a-vecinos-resolver-tramites-legales-sin-costo-y-sin-salir-de-la-comuna\/","title":{"rendered":"OPERATIVO JUR\u00cdDICO GRATUITO PERMITIR\u00c1 A VECINOS RESOLVER TR\u00c1MITES LEGALES SIN COSTO Y SIN SALIR DE LA COMUNA"},"content":{"rendered":"\n<p>La iniciativa, nacida de una alianza entre el municipio y la Cl\u00ednica Jur\u00eddica de la UNAB, busca aliviar el bolsillo de las familias Teninas ofreciendo asesor\u00eda experta y gratuita este jueves 08 de enero en la Biblioteca Municipal.<\/p>\n\n\n\n<p>Entendiendo que los tr\u00e1mites legales suelen ser una barrera econ\u00f3mica y burocr\u00e1tica para muchos ciudadanos, la Municipalidad de Teno ha anunciado un operativo jur\u00eddico de alto impacto para este jueves 08 de enero. En una alianza estrat\u00e9gica con la Cl\u00ednica Jur\u00eddica de la Universidad Andr\u00e9s Bello (UNAB), abogados y expertos se trasladar\u00e1n a la comuna para atender de manera gratuita dudas que, en el mercado privado, representar\u00edan un alto costo para los vecinos.<\/p>\n\n\n\n<p>El objetivo es claro democratizar el acceso a la justicia mediante esta jornada, los habitantes de Teno podr\u00e1n realizar consultas sobre derecho de familia, regularizaci\u00f3n de propiedades, herencias y otros tr\u00e1mites complejos, eliminando la necesidad de viajar a otras ciudades o contratar servicios particulares.<\/p>\n\n\n\n<p>Para garantizar la comodidad de los asistentes, el punto de encuentro ser\u00e1 la Biblioteca Municipal, lugar donde se desplegar\u00e1n los profesionales en dos bloques horarios, durante la ma\u00f1ana estar\u00e1n desde las 11:30 a 12:30 horas y por la tarde ser\u00e1 desde las 14:30 a 18:00 horas. &#8220;Sabemos que enfrentarse a un proceso legal genera angustia y mucha confusi\u00f3n. Por eso, traemos a los expertos al coraz\u00f3n de nuestra comuna, para que nuestra gente se sienta apoyada y reciba una orientaci\u00f3n de calidad sin gastar un peso&#8221;, se\u00f1al\u00f3 el Alcalde Wildo Far\u00edas.<\/p>\n\n\n\n<p>El llamado es a la inscripci\u00f3n previa debido a la alta demanda que generan estas instancias de apoyo social, el municipio ha dispuesto un sistema de inscripci\u00f3n digital para asegurar una atenci\u00f3n fluida y evitar esperas innecesarias. Los interesados podr\u00e1n asegurar su cupo a la brevedad ingresando al siguiente enlace: <a href=\"https:\/\/bit.ly\/4qhc7c8\">https:\/\/bit.ly\/4qhc7c8<\/a>. o a trav\u00e9s del sitio web <a href=\"http:\/\/www.teno.cl\">www.teno.cl<\/a> para quienes no tengan acceso a internet, tambi\u00e9n podr\u00e1n tener su atenci\u00f3n al momento de llegada deber\u00e1n inscribirse de manera presencial con el personal indicado.<\/p>\n\n\n\n<p>Con esta acci\u00f3n, la gesti\u00f3n municipal reafirma su compromiso de acercar servicios profesionales a todos los sectores de la comuna, simplificando la vida de las familias Teninas y fortaleciendo la red de apoyo social en el territorio.<em><\/em><\/p>\n\n\n\n<div class=\"wp-block-columns is-layout-flex wp-container-core-columns-is-layout-28f84493 wp-block-columns-is-layout-flex\">\n<div class=\"wp-block-column is-vertically-aligned-center is-layout-flow wp-block-column-is-layout-flow\"><\/div>\n\n\n\n<div class=\"wp-block-column is-vertically-aligned-center is-layout-flow wp-block-column-is-layout-flow\">\n<figure class=\"wp-block-image size-large\"><img fetchpriority=\"high\" decoding=\"async\" width=\"819\" height=\"1024\" src=\"https:\/\/www.teno.cl\/portal2\/wp-content\/uploads\/2026\/01\/07-01-2026-3-819x1024.jpg\" alt=\"\" class=\"wp-image-11437\" srcset=\"https:\/\/www.teno.cl\/portal2\/wp-content\/uploads\/2026\/01\/07-01-2026-3-819x1024.jpg 819w, https:\/\/www.teno.cl\/portal2\/wp-content\/uploads\/2026\/01\/07-01-2026-3-240x300.jpg 240w, https:\/\/www.teno.cl\/portal2\/wp-content\/uploads\/2026\/01\/07-01-2026-3-768x960.jpg 768w, https:\/\/www.teno.cl\/portal2\/wp-content\/uploads\/2026\/01\/07-01-2026-3-1229x1536.jpg 1229w, https:\/\/www.teno.cl\/portal2\/wp-content\/uploads\/2026\/01\/07-01-2026-3.jpg 1500w\" sizes=\"(max-width: 819px) 100vw, 819px\" \/><\/figure>\n<\/div>\n\n\n\n<div class=\"wp-block-column is-layout-flow wp-block-column-is-layout-flow\"><\/div>\n<\/div>\n\n\n\n<p><\/p>\n","protected":false},"excerpt":{"rendered":"<p>La iniciativa, nacida de una alianza entre el municipio y la Cl\u00ednica Jur\u00eddica de la UNAB, busca aliviar el bolsillo de las familias Teninas ofreciendo asesor\u00eda experta y gratuita este jueves 08 de enero en la Biblioteca Municipal. Entendiendo que los tr\u00e1mites legales suelen ser una barrera econ\u00f3mica y burocr\u00e1tica para muchos ciudadanos, la Municipalidad &hellip;<\/p>\n<p class=\"read-more\"> <a class=\"\" href=\"https:\/\/www.teno.cl\/portal2\/2026\/01\/07\/operativo-juridico-gratuito-permitira-a-vecinos-resolver-tramites-legales-sin-costo-y-sin-salir-de-la-comuna\/\"> <span class=\"screen-reader-text\">OPERATIVO JUR\u00cdDICO GRATUITO PERMITIR\u00c1 A VECINOS RESOLVER TR\u00c1MITES LEGALES SIN COSTO Y SIN SALIR DE LA COMUNA<\/span> Read More &raquo;<\/a><\/p>\n","protected":false},"author":4,"featured_media":11437,"comment_status":"closed","ping_status":"closed","sticky":false,"template":"","format":"standard","meta":{"_uag_custom_page_level_css":"","site-sidebar-layout":"no-sidebar","site-content-layout":"boxed-container","ast-global-header-display":"","ast-main-header-display":"","ast-hfb-above-header-display":"","ast-hfb-below-header-display":"","ast-hfb-mobile-header-display":"","site-post-title":"","ast-breadcrumbs-content":"disabled","ast-featured-img":"disabled","footer-sml-layout":"","theme-transparent-header-meta":"default","adv-header-id-meta":"","stick-header-meta":"","header-above-stick-meta":"","header-main-stick-meta":"","header-below-stick-meta":"","footnotes":""},"categories":[11],"tags":[36,25,9,10,19],"class_list":["post-11435","post","type-post","status-publish","format-standard","has-post-thumbnail","hentry","category-noticias-municipales","tag-beca-municipal","tag-dideco","tag-municipalidad-de-teno","tag-teno","tag-wildo-farias"],"uagb_featured_image_src":{"full":["https:\/\/www.teno.cl\/portal2\/wp-content\/uploads\/2026\/01\/07-01-2026-3.jpg",1500,1875,false],"thumbnail":["https:\/\/www.teno.cl\/portal2\/wp-content\/uploads\/2026\/01\/07-01-2026-3-150x150.jpg",150,150,true],"medium":["https:\/\/www.teno.cl\/portal2\/wp-content\/uploads\/2026\/01\/07-01-2026-3-240x300.jpg",240,300,true],"medium_large":["https:\/\/www.teno.cl\/portal2\/wp-content\/uploads\/2026\/01\/07-01-2026-3-768x960.jpg",768,960,true],"large":["https:\/\/www.teno.cl\/portal2\/wp-content\/uploads\/2026\/01\/07-01-2026-3-819x1024.jpg",819,1024,true],"1536x1536":["https:\/\/www.teno.cl\/portal2\/wp-content\/uploads\/2026\/01\/07-01-2026-3-1229x1536.jpg",1229,1536,true],"2048x2048":["https:\/\/www.teno.cl\/portal2\/wp-content\/uploads\/2026\/01\/07-01-2026-3.jpg",1500,1875,false]},"uagb_author_info":{"display_name":"Benjamin Reyes","author_link":"https:\/\/www.teno.cl\/portal2\/author\/breyes\/"},"uagb_comment_info":0,"uagb_excerpt":"La iniciativa, nacida de una alianza entre el municipio y la Cl\u00ednica Jur\u00eddica de la UNAB, busca aliviar el bolsillo de las familias Teninas ofreciendo asesor\u00eda experta y gratuita este jueves 08 de enero en la Biblioteca Municipal. Entendiendo que los tr\u00e1mites legales suelen ser una barrera econ\u00f3mica y burocr\u00e1tica para muchos ciudadanos, la Municipalidad&hellip;","_links":{"self":[{"href":"https:\/\/www.teno.cl\/portal2\/wp-json\/wp\/v2\/posts\/11435","targetHints":{"allow":["GET"]}}],"collection":[{"href":"https:\/\/www.teno.cl\/portal2\/wp-json\/wp\/v2\/posts"}],"about":[{"href":"https:\/\/www.teno.cl\/portal2\/wp-json\/wp\/v2\/types\/post"}],"author":[{"embeddable":true,"href":"https:\/\/www.teno.cl\/portal2\/wp-json\/wp\/v2\/users\/4"}],"replies":[{"embeddable":true,"href":"https:\/\/www.teno.cl\/portal2\/wp-json\/wp\/v2\/comments?post=11435"}],"version-history":[{"count":1,"href":"https:\/\/www.teno.cl\/portal2\/wp-json\/wp\/v2\/posts\/11435\/revisions"}],"predecessor-version":[{"id":11438,"href":"https:\/\/www.teno.cl\/portal2\/wp-json\/wp\/v2\/posts\/11435\/revisions\/11438"}],"wp:featuredmedia":[{"embeddable":true,"href":"https:\/\/www.teno.cl\/portal2\/wp-json\/wp\/v2\/media\/11437"}],"wp:attachment":[{"href":"https:\/\/www.teno.cl\/portal2\/wp-json\/wp\/v2\/media?parent=11435"}],"wp:term":[{"taxonomy":"category","embeddable":true,"href":"https:\/\/www.teno.cl\/portal2\/wp-json\/wp\/v2\/categories?post=11435"},{"taxonomy":"post_tag","embeddable":true,"href":"https:\/\/www.teno.cl\/portal2\/wp-json\/wp\/v2\/tags?post=11435"}],"curies":[{"name":"wp","href":"https:\/\/api.w.org\/{rel}","templated":true}]}}