{"id":11238,"date":"2025-10-07T10:35:39","date_gmt":"2025-10-07T13:35:39","guid":{"rendered":"https:\/\/www.teno.cl\/portal2\/?p=11238"},"modified":"2025-10-15T10:49:30","modified_gmt":"2025-10-15T13:49:30","slug":"con-exito-se-desarrollo-el-cierre-de-escuela-tejedoras-2025","status":"publish","type":"post","link":"https:\/\/www.teno.cl\/portal2\/2025\/10\/07\/con-exito-se-desarrollo-el-cierre-de-escuela-tejedoras-2025\/","title":{"rendered":"Con \u00e9xito se desarrollo el Cierre de Escuela Tejedoras 2025"},"content":{"rendered":"\n<p>Con gran orgullo y alegr\u00eda, s<a><\/a>e realiz\u00f3 la ceremonia de cierre de la Escuela de Tejedores 2025, iniciativa impulsada por la Corporaci\u00f3n Cultural de Teno, donde 40 alumnos y alumnas recibieron su certificaci\u00f3n tras un exitoso proceso de aprendizaje en telar en mimbre, pita y telar mar\u00eda.<\/p>\n\n\n\n<p>La actividad cont\u00f3 con la participaci\u00f3n del alcalde Wildo Far\u00edas y los concejales Mar\u00eda Jos\u00e9 Sol\u00eds, Jos\u00e9 Mel\u00e9ndez, Cristian Herrera y Jos\u00e9 Manuel C\u00e1ceres, quienes destacaron el talento, dedicaci\u00f3n y compromiso de las y los participantes, as\u00ed como el importante rol que cumple la cultura en el desarrollo de nuestra comuna.<\/p>\n\n\n\n<div class=\"wp-block-columns is-layout-flex wp-container-core-columns-is-layout-28f84493 wp-block-columns-is-layout-flex\">\n<div class=\"wp-block-column is-vertically-aligned-center is-layout-flow wp-block-column-is-layout-flow\">\n<div class=\"wp-block-uagb-image uagb-block-05ba20b9 wp-block-uagb-image--layout-default wp-block-uagb-image--effect-static wp-block-uagb-image--align-none\"><figure class=\"wp-block-uagb-image__figure\"><img loading=\"lazy\" decoding=\"async\" src=\"https:\/\/www.teno.cl\/portal2\/wp-content\/uploads\/2025\/10\/558188981_1136688001986055_4353029070384307063_n-1024x684.jpg\" alt=\"\" class=\"uag-image-11239\" width=\"1024\" height=\"768\" title=\"558188981_1136688001986055_4353029070384307063_n\" loading=\"lazy\" role=\"img\" \/><\/figure><\/div>\n<\/div>\n\n\n\n<div class=\"wp-block-column is-vertically-aligned-center is-layout-flow wp-block-column-is-layout-flow\">\n<figure class=\"wp-block-image size-large\"><img fetchpriority=\"high\" decoding=\"async\" width=\"1024\" height=\"684\" src=\"https:\/\/www.teno.cl\/portal2\/wp-content\/uploads\/2025\/10\/557706860_1136686835319505_7680208517351755953_n-1024x684.jpg\" alt=\"\" class=\"wp-image-11241\" srcset=\"https:\/\/www.teno.cl\/portal2\/wp-content\/uploads\/2025\/10\/557706860_1136686835319505_7680208517351755953_n-1024x684.jpg 1024w, https:\/\/www.teno.cl\/portal2\/wp-content\/uploads\/2025\/10\/557706860_1136686835319505_7680208517351755953_n-300x200.jpg 300w, https:\/\/www.teno.cl\/portal2\/wp-content\/uploads\/2025\/10\/557706860_1136686835319505_7680208517351755953_n-768x513.jpg 768w, https:\/\/www.teno.cl\/portal2\/wp-content\/uploads\/2025\/10\/557706860_1136686835319505_7680208517351755953_n-1536x1027.jpg 1536w, https:\/\/www.teno.cl\/portal2\/wp-content\/uploads\/2025\/10\/557706860_1136686835319505_7680208517351755953_n.jpg 1616w\" sizes=\"(max-width: 1024px) 100vw, 1024px\" \/><\/figure>\n<\/div>\n\n\n\n<div class=\"wp-block-column is-layout-flow wp-block-column-is-layout-flow\">\n<figure class=\"wp-block-image size-large\"><img decoding=\"async\" width=\"1024\" height=\"684\" src=\"https:\/\/www.teno.cl\/portal2\/wp-content\/uploads\/2025\/10\/558447809_1136686678652854_8728639926180785631_n-1-1024x684.jpg\" alt=\"\" class=\"wp-image-11242\" srcset=\"https:\/\/www.teno.cl\/portal2\/wp-content\/uploads\/2025\/10\/558447809_1136686678652854_8728639926180785631_n-1-1024x684.jpg 1024w, https:\/\/www.teno.cl\/portal2\/wp-content\/uploads\/2025\/10\/558447809_1136686678652854_8728639926180785631_n-1-300x200.jpg 300w, https:\/\/www.teno.cl\/portal2\/wp-content\/uploads\/2025\/10\/558447809_1136686678652854_8728639926180785631_n-1-768x513.jpg 768w, https:\/\/www.teno.cl\/portal2\/wp-content\/uploads\/2025\/10\/558447809_1136686678652854_8728639926180785631_n-1-1536x1027.jpg 1536w, https:\/\/www.teno.cl\/portal2\/wp-content\/uploads\/2025\/10\/558447809_1136686678652854_8728639926180785631_n-1.jpg 1616w\" sizes=\"(max-width: 1024px) 100vw, 1024px\" \/><\/figure>\n<\/div>\n<\/div>\n\n\n\n<p><\/p>\n","protected":false},"excerpt":{"rendered":"<p>Con gran orgullo y alegr\u00eda, se realiz\u00f3 la ceremonia de cierre de la Escuela de Tejedores 2025, iniciativa impulsada por la Corporaci\u00f3n Cultural de Teno, donde 40 alumnos y alumnas recibieron su certificaci\u00f3n tras un exitoso proceso de aprendizaje en telar en mimbre, pita y telar mar\u00eda. La actividad cont\u00f3 con la participaci\u00f3n del alcalde &hellip;<\/p>\n<p class=\"read-more\"> <a class=\"\" href=\"https:\/\/www.teno.cl\/portal2\/2025\/10\/07\/con-exito-se-desarrollo-el-cierre-de-escuela-tejedoras-2025\/\"> <span class=\"screen-reader-text\">Con \u00e9xito se desarrollo el Cierre de Escuela Tejedoras 2025<\/span> Read More &raquo;<\/a><\/p>\n","protected":false},"author":4,"featured_media":11241,"comment_status":"closed","ping_status":"closed","sticky":false,"template":"","format":"standard","meta":{"_uag_custom_page_level_css":"","site-sidebar-layout":"no-sidebar","site-content-layout":"boxed-container","ast-global-header-display":"","ast-main-header-display":"","ast-hfb-above-header-display":"","ast-hfb-below-header-display":"","ast-hfb-mobile-header-display":"","site-post-title":"","ast-breadcrumbs-content":"disabled","ast-featured-img":"disabled","footer-sml-layout":"","theme-transparent-header-meta":"default","adv-header-id-meta":"","stick-header-meta":"","header-above-stick-meta":"","header-main-stick-meta":"","header-below-stick-meta":"","footnotes":""},"categories":[11],"tags":[36,37,9,38,10,19],"class_list":["post-11238","post","type-post","status-publish","format-standard","has-post-thumbnail","hentry","category-noticias-municipales","tag-beca-municipal","tag-cultura","tag-municipalidad-de-teno","tag-tejedoras","tag-teno","tag-wildo-farias"],"uagb_featured_image_src":{"full":["https:\/\/www.teno.cl\/portal2\/wp-content\/uploads\/2025\/10\/557706860_1136686835319505_7680208517351755953_n.jpg",1616,1080,false],"thumbnail":["https:\/\/www.teno.cl\/portal2\/wp-content\/uploads\/2025\/10\/557706860_1136686835319505_7680208517351755953_n-150x150.jpg",150,150,true],"medium":["https:\/\/www.teno.cl\/portal2\/wp-content\/uploads\/2025\/10\/557706860_1136686835319505_7680208517351755953_n-300x200.jpg",300,200,true],"medium_large":["https:\/\/www.teno.cl\/portal2\/wp-content\/uploads\/2025\/10\/557706860_1136686835319505_7680208517351755953_n-768x513.jpg",768,513,true],"large":["https:\/\/www.teno.cl\/portal2\/wp-content\/uploads\/2025\/10\/557706860_1136686835319505_7680208517351755953_n-1024x684.jpg",1024,684,true],"1536x1536":["https:\/\/www.teno.cl\/portal2\/wp-content\/uploads\/2025\/10\/557706860_1136686835319505_7680208517351755953_n-1536x1027.jpg",1536,1027,true],"2048x2048":["https:\/\/www.teno.cl\/portal2\/wp-content\/uploads\/2025\/10\/557706860_1136686835319505_7680208517351755953_n.jpg",1616,1080,false]},"uagb_author_info":{"display_name":"Benjamin Reyes","author_link":"https:\/\/www.teno.cl\/portal2\/author\/breyes\/"},"uagb_comment_info":0,"uagb_excerpt":"Con gran orgullo y alegr\u00eda, se realiz\u00f3 la ceremonia de cierre de la Escuela de Tejedores 2025, iniciativa impulsada por la Corporaci\u00f3n Cultural de Teno, donde 40 alumnos y alumnas recibieron su certificaci\u00f3n tras un exitoso proceso de aprendizaje en telar en mimbre, pita y telar mar\u00eda. La actividad cont\u00f3 con la participaci\u00f3n del alcalde&hellip;","_links":{"self":[{"href":"https:\/\/www.teno.cl\/portal2\/wp-json\/wp\/v2\/posts\/11238","targetHints":{"allow":["GET"]}}],"collection":[{"href":"https:\/\/www.teno.cl\/portal2\/wp-json\/wp\/v2\/posts"}],"about":[{"href":"https:\/\/www.teno.cl\/portal2\/wp-json\/wp\/v2\/types\/post"}],"author":[{"embeddable":true,"href":"https:\/\/www.teno.cl\/portal2\/wp-json\/wp\/v2\/users\/4"}],"replies":[{"embeddable":true,"href":"https:\/\/www.teno.cl\/portal2\/wp-json\/wp\/v2\/comments?post=11238"}],"version-history":[{"count":1,"href":"https:\/\/www.teno.cl\/portal2\/wp-json\/wp\/v2\/posts\/11238\/revisions"}],"predecessor-version":[{"id":11243,"href":"https:\/\/www.teno.cl\/portal2\/wp-json\/wp\/v2\/posts\/11238\/revisions\/11243"}],"wp:featuredmedia":[{"embeddable":true,"href":"https:\/\/www.teno.cl\/portal2\/wp-json\/wp\/v2\/media\/11241"}],"wp:attachment":[{"href":"https:\/\/www.teno.cl\/portal2\/wp-json\/wp\/v2\/media?parent=11238"}],"wp:term":[{"taxonomy":"category","embeddable":true,"href":"https:\/\/www.teno.cl\/portal2\/wp-json\/wp\/v2\/categories?post=11238"},{"taxonomy":"post_tag","embeddable":true,"href":"https:\/\/www.teno.cl\/portal2\/wp-json\/wp\/v2\/tags?post=11238"}],"curies":[{"name":"wp","href":"https:\/\/api.w.org\/{rel}","templated":true}]}}