{"id":11210,"date":"2025-10-14T15:27:45","date_gmt":"2025-10-14T18:27:45","guid":{"rendered":"https:\/\/www.teno.cl\/portal2\/?p=11210"},"modified":"2025-10-14T15:30:42","modified_gmt":"2025-10-14T18:30:42","slug":"premiamos-el-esfuerzo-de-17-deportistas-de-teno","status":"publish","type":"post","link":"https:\/\/www.teno.cl\/portal2\/2025\/10\/14\/premiamos-el-esfuerzo-de-17-deportistas-de-teno\/","title":{"rendered":"PREMIAMOS EL ESFUERZO DE 17 DEPORTISTAS DESTACADOS"},"content":{"rendered":"\n<p>En una emotiva ceremonia encabezada <a><\/a>por nuestro alcalde Wildo Far\u00edas Gonz\u00e1lez, junto a los concejales Mar\u00eda Jos\u00e9 Sol\u00eds, Jos\u00e9 Francisco Mel\u00e9ndez y Mauricio Rojas, y gracias a la gesti\u00f3n de la Corporaci\u00f3n de Deportes de Teno, celebramos la entrega de las Becas Deportivas 2025 a los y las deportistas destacados de nuestra comuna.<\/p>\n\n\n\n<p>Este incentivo econ\u00f3mico busca impulsar sus trayectorias, apoyar su formaci\u00f3n y reconocer el esfuerzo de cada joven y sus familias, quienes d\u00eda a d\u00eda trabajan con compromiso para alcanzar sus sue\u00f1os deportivos.<\/p>\n\n\n\n<p>Felicitamos con orgullo a nuestros deportistas en disciplinas como f\u00fatbol, pat\u00edn carrera, barrilete, tenis de mesa, atletismo, trail running y BMX, quienes son un verdadero ejemplo de pasi\u00f3n y disciplina.<\/p>\n\n\n\n<p>La jornada tuvo un agradecimiento especial a Francisco Ayala D\u00edaz, destacado futbolista de nuestra comuna, oriundo del sector de Viluco, quien nos emocion\u00f3 con su testimonio, motivando a los presentes a seguir luchando por las metas deportivas y a quien tambi\u00e9n entregamos un galvano de reconocimiento. <\/p>\n\n\n\n<p><\/p>\n\n\n\n<div class=\"wp-block-columns is-layout-flex wp-container-core-columns-is-layout-28f84493 wp-block-columns-is-layout-flex\">\n<div class=\"wp-block-column is-vertically-aligned-center is-layout-flow wp-block-column-is-layout-flow\">\n<div class=\"wp-block-uagb-image uagb-block-05ba20b9 wp-block-uagb-image--layout-default wp-block-uagb-image--effect-static wp-block-uagb-image--align-none\"><figure class=\"wp-block-uagb-image__figure\"><img loading=\"lazy\" decoding=\"async\" src=\"https:\/\/www.teno.cl\/portal2\/wp-content\/uploads\/2025\/10\/556824033_1132692712385584_1689609986849433196_n.jpg\" alt=\"\" class=\"uag-image-11211\" width=\"1024\" height=\"768\" title=\"556824033_1132692712385584_1689609986849433196_n\" loading=\"lazy\" role=\"img\" \/><\/figure><\/div>\n<\/div>\n\n\n\n<div class=\"wp-block-column is-vertically-aligned-center is-layout-flow wp-block-column-is-layout-flow\">\n<figure class=\"wp-block-image size-large\"><img fetchpriority=\"high\" decoding=\"async\" width=\"1024\" height=\"683\" src=\"https:\/\/www.teno.cl\/portal2\/wp-content\/uploads\/2025\/10\/557567774_1132694465718742_3736967948897743542_n-1024x683.jpg\" alt=\"\" class=\"wp-image-11212\" srcset=\"https:\/\/www.teno.cl\/portal2\/wp-content\/uploads\/2025\/10\/557567774_1132694465718742_3736967948897743542_n-1024x683.jpg 1024w, https:\/\/www.teno.cl\/portal2\/wp-content\/uploads\/2025\/10\/557567774_1132694465718742_3736967948897743542_n-300x200.jpg 300w, https:\/\/www.teno.cl\/portal2\/wp-content\/uploads\/2025\/10\/557567774_1132694465718742_3736967948897743542_n-768x512.jpg 768w, https:\/\/www.teno.cl\/portal2\/wp-content\/uploads\/2025\/10\/557567774_1132694465718742_3736967948897743542_n-1536x1024.jpg 1536w, https:\/\/www.teno.cl\/portal2\/wp-content\/uploads\/2025\/10\/557567774_1132694465718742_3736967948897743542_n.jpg 2048w\" sizes=\"(max-width: 1024px) 100vw, 1024px\" \/><\/figure>\n<\/div>\n\n\n\n<div class=\"wp-block-column is-layout-flow wp-block-column-is-layout-flow\">\n<figure class=\"wp-block-image size-large\"><img decoding=\"async\" width=\"1024\" height=\"683\" src=\"https:\/\/www.teno.cl\/portal2\/wp-content\/uploads\/2025\/10\/557514497_1132694312385424_5718219110032217972_n-1024x683.jpg\" alt=\"\" class=\"wp-image-11213\" srcset=\"https:\/\/www.teno.cl\/portal2\/wp-content\/uploads\/2025\/10\/557514497_1132694312385424_5718219110032217972_n-1024x683.jpg 1024w, https:\/\/www.teno.cl\/portal2\/wp-content\/uploads\/2025\/10\/557514497_1132694312385424_5718219110032217972_n-300x200.jpg 300w, https:\/\/www.teno.cl\/portal2\/wp-content\/uploads\/2025\/10\/557514497_1132694312385424_5718219110032217972_n-768x512.jpg 768w, https:\/\/www.teno.cl\/portal2\/wp-content\/uploads\/2025\/10\/557514497_1132694312385424_5718219110032217972_n-1536x1024.jpg 1536w, https:\/\/www.teno.cl\/portal2\/wp-content\/uploads\/2025\/10\/557514497_1132694312385424_5718219110032217972_n.jpg 2048w\" sizes=\"(max-width: 1024px) 100vw, 1024px\" \/><\/figure>\n<\/div>\n<\/div>\n\n\n\n<p><\/p>\n","protected":false},"excerpt":{"rendered":"<p>En una emotiva ceremonia encabezada por nuestro alcalde Wildo Far\u00edas Gonz\u00e1lez, junto a los concejales Mar\u00eda Jos\u00e9 Sol\u00eds, Jos\u00e9 Francisco Mel\u00e9ndez y Mauricio Rojas, y gracias a la gesti\u00f3n de la Corporaci\u00f3n de Deportes de Teno, celebramos la entrega de las Becas Deportivas 2025 a los y las deportistas destacados de nuestra comuna. Este incentivo &hellip;<\/p>\n<p class=\"read-more\"> <a class=\"\" href=\"https:\/\/www.teno.cl\/portal2\/2025\/10\/14\/premiamos-el-esfuerzo-de-17-deportistas-de-teno\/\"> <span class=\"screen-reader-text\">PREMIAMOS EL ESFUERZO DE 17 DEPORTISTAS DESTACADOS<\/span> Read More &raquo;<\/a><\/p>\n","protected":false},"author":4,"featured_media":11211,"comment_status":"closed","ping_status":"closed","sticky":false,"template":"","format":"standard","meta":{"_uag_custom_page_level_css":"","site-sidebar-layout":"no-sidebar","site-content-layout":"boxed-container","ast-global-header-display":"","ast-main-header-display":"","ast-hfb-above-header-display":"","ast-hfb-below-header-display":"","ast-hfb-mobile-header-display":"","site-post-title":"","ast-breadcrumbs-content":"disabled","ast-featured-img":"disabled","footer-sml-layout":"","theme-transparent-header-meta":"default","adv-header-id-meta":"","stick-header-meta":"","header-above-stick-meta":"","header-main-stick-meta":"","header-below-stick-meta":"","footnotes":""},"categories":[11],"tags":[],"class_list":["post-11210","post","type-post","status-publish","format-standard","has-post-thumbnail","hentry","category-noticias-municipales"],"uagb_featured_image_src":{"full":["https:\/\/www.teno.cl\/portal2\/wp-content\/uploads\/2025\/10\/556824033_1132692712385584_1689609986849433196_n.jpg",593,395,false],"thumbnail":["https:\/\/www.teno.cl\/portal2\/wp-content\/uploads\/2025\/10\/556824033_1132692712385584_1689609986849433196_n-150x150.jpg",150,150,true],"medium":["https:\/\/www.teno.cl\/portal2\/wp-content\/uploads\/2025\/10\/556824033_1132692712385584_1689609986849433196_n-300x200.jpg",300,200,true],"medium_large":["https:\/\/www.teno.cl\/portal2\/wp-content\/uploads\/2025\/10\/556824033_1132692712385584_1689609986849433196_n.jpg",593,395,false],"large":["https:\/\/www.teno.cl\/portal2\/wp-content\/uploads\/2025\/10\/556824033_1132692712385584_1689609986849433196_n.jpg",593,395,false],"1536x1536":["https:\/\/www.teno.cl\/portal2\/wp-content\/uploads\/2025\/10\/556824033_1132692712385584_1689609986849433196_n.jpg",593,395,false],"2048x2048":["https:\/\/www.teno.cl\/portal2\/wp-content\/uploads\/2025\/10\/556824033_1132692712385584_1689609986849433196_n.jpg",593,395,false]},"uagb_author_info":{"display_name":"Benjamin Reyes","author_link":"https:\/\/www.teno.cl\/portal2\/author\/breyes\/"},"uagb_comment_info":0,"uagb_excerpt":"En una emotiva ceremonia encabezada por nuestro alcalde Wildo Far\u00edas Gonz\u00e1lez, junto a los concejales Mar\u00eda Jos\u00e9 Sol\u00eds, Jos\u00e9 Francisco Mel\u00e9ndez y Mauricio Rojas, y gracias a la gesti\u00f3n de la Corporaci\u00f3n de Deportes de Teno, celebramos la entrega de las Becas Deportivas 2025 a los y las deportistas destacados de nuestra comuna. Este incentivo&hellip;","_links":{"self":[{"href":"https:\/\/www.teno.cl\/portal2\/wp-json\/wp\/v2\/posts\/11210","targetHints":{"allow":["GET"]}}],"collection":[{"href":"https:\/\/www.teno.cl\/portal2\/wp-json\/wp\/v2\/posts"}],"about":[{"href":"https:\/\/www.teno.cl\/portal2\/wp-json\/wp\/v2\/types\/post"}],"author":[{"embeddable":true,"href":"https:\/\/www.teno.cl\/portal2\/wp-json\/wp\/v2\/users\/4"}],"replies":[{"embeddable":true,"href":"https:\/\/www.teno.cl\/portal2\/wp-json\/wp\/v2\/comments?post=11210"}],"version-history":[{"count":3,"href":"https:\/\/www.teno.cl\/portal2\/wp-json\/wp\/v2\/posts\/11210\/revisions"}],"predecessor-version":[{"id":11216,"href":"https:\/\/www.teno.cl\/portal2\/wp-json\/wp\/v2\/posts\/11210\/revisions\/11216"}],"wp:featuredmedia":[{"embeddable":true,"href":"https:\/\/www.teno.cl\/portal2\/wp-json\/wp\/v2\/media\/11211"}],"wp:attachment":[{"href":"https:\/\/www.teno.cl\/portal2\/wp-json\/wp\/v2\/media?parent=11210"}],"wp:term":[{"taxonomy":"category","embeddable":true,"href":"https:\/\/www.teno.cl\/portal2\/wp-json\/wp\/v2\/categories?post=11210"},{"taxonomy":"post_tag","embeddable":true,"href":"https:\/\/www.teno.cl\/portal2\/wp-json\/wp\/v2\/tags?post=11210"}],"curies":[{"name":"wp","href":"https:\/\/api.w.org\/{rel}","templated":true}]}}