{"id":10199,"date":"2025-07-10T10:26:54","date_gmt":"2025-07-10T13:26:54","guid":{"rendered":"https:\/\/www.teno.cl\/portal2\/?p=10199"},"modified":"2025-07-10T10:26:54","modified_gmt":"2025-07-10T13:26:54","slug":"vecinos-de-teno-se-capacitan-para-enfrentar-emergencias-y-fortalecer-la-seguridad-comunitaria","status":"publish","type":"post","link":"https:\/\/www.teno.cl\/portal2\/2025\/07\/10\/vecinos-de-teno-se-capacitan-para-enfrentar-emergencias-y-fortalecer-la-seguridad-comunitaria\/","title":{"rendered":"VECINOS DE TENO SE CAPACITAN PARA ENFRENTAR EMERGENCIAS Y FORTALECER LA SEGURIDAD COMUNITARIA"},"content":{"rendered":"\n<p>Con gran compromiso y participaci\u00f3n, representantes de comunidades ubicadas en zonas de riesgo de la comuna de Teno asistieron a la segunda jornada de capacitaci\u00f3n organizada por SENAPRED, en coordinaci\u00f3n con el municipio.<\/p>\n\n\n\n<p>El objetivo principal de esta instancia fue entregar herramientas concretas que permitan a los vecinos y vecinas actuar de manera r\u00e1pida y efectiva ante situaciones de emergencia, fortaleciendo la autonom\u00eda, la organizaci\u00f3n y la colaboraci\u00f3n comunitaria.<\/p>\n\n\n\n<p>Al t\u00e9rmino de la jornada, los participantes recibieron sus certificados, reconocimiento que acredita su preparaci\u00f3n y compromiso con la seguridad de sus territorios.<\/p>\n\n\n\n<p>Desde el municipio se destac\u00f3 la importancia de contar con comunidades informadas y organizadas, y se felicit\u00f3 a cada vecino y vecina por dar este valioso paso hacia una comuna m\u00e1s resiliente y preparada.<\/p>\n\n\n\n<div class=\"wp-block-columns is-layout-flex wp-container-core-columns-is-layout-28f84493 wp-block-columns-is-layout-flex\">\n<div class=\"wp-block-column is-vertically-aligned-center is-layout-flow wp-block-column-is-layout-flow\">\n<figure class=\"wp-block-image size-large\"><img fetchpriority=\"high\" decoding=\"async\" width=\"1024\" height=\"768\" src=\"https:\/\/www.teno.cl\/portal2\/wp-content\/uploads\/2025\/07\/508985150_1047833290871527_3500704767882872667_n-1024x768.jpg\" alt=\"\" class=\"wp-image-10200\" srcset=\"https:\/\/www.teno.cl\/portal2\/wp-content\/uploads\/2025\/07\/508985150_1047833290871527_3500704767882872667_n-1024x768.jpg 1024w, https:\/\/www.teno.cl\/portal2\/wp-content\/uploads\/2025\/07\/508985150_1047833290871527_3500704767882872667_n-300x225.jpg 300w, https:\/\/www.teno.cl\/portal2\/wp-content\/uploads\/2025\/07\/508985150_1047833290871527_3500704767882872667_n-768x576.jpg 768w, https:\/\/www.teno.cl\/portal2\/wp-content\/uploads\/2025\/07\/508985150_1047833290871527_3500704767882872667_n-1536x1152.jpg 1536w, https:\/\/www.teno.cl\/portal2\/wp-content\/uploads\/2025\/07\/508985150_1047833290871527_3500704767882872667_n.jpg 1600w\" sizes=\"(max-width: 1024px) 100vw, 1024px\" \/><\/figure>\n<\/div>\n\n\n\n<div class=\"wp-block-column is-vertically-aligned-center is-layout-flow wp-block-column-is-layout-flow\">\n<figure class=\"wp-block-image size-large\"><img decoding=\"async\" width=\"1024\" height=\"768\" src=\"https:\/\/www.teno.cl\/portal2\/wp-content\/uploads\/2025\/07\/508979832_1047833317538191_8470029708919238991_n-1024x768.jpg\" alt=\"\" class=\"wp-image-10201\" srcset=\"https:\/\/www.teno.cl\/portal2\/wp-content\/uploads\/2025\/07\/508979832_1047833317538191_8470029708919238991_n-1024x768.jpg 1024w, https:\/\/www.teno.cl\/portal2\/wp-content\/uploads\/2025\/07\/508979832_1047833317538191_8470029708919238991_n-300x225.jpg 300w, https:\/\/www.teno.cl\/portal2\/wp-content\/uploads\/2025\/07\/508979832_1047833317538191_8470029708919238991_n-768x576.jpg 768w, https:\/\/www.teno.cl\/portal2\/wp-content\/uploads\/2025\/07\/508979832_1047833317538191_8470029708919238991_n.jpg 1280w\" sizes=\"(max-width: 1024px) 100vw, 1024px\" \/><\/figure>\n<\/div>\n\n\n\n<div class=\"wp-block-column is-layout-flow wp-block-column-is-layout-flow\">\n<figure class=\"wp-block-image size-large\"><img decoding=\"async\" width=\"1024\" height=\"768\" src=\"https:\/\/www.teno.cl\/portal2\/wp-content\/uploads\/2025\/07\/508826683_1047833300871526_256984592051990794_n-1024x768.jpg\" alt=\"\" class=\"wp-image-10202\" srcset=\"https:\/\/www.teno.cl\/portal2\/wp-content\/uploads\/2025\/07\/508826683_1047833300871526_256984592051990794_n-1024x768.jpg 1024w, https:\/\/www.teno.cl\/portal2\/wp-content\/uploads\/2025\/07\/508826683_1047833300871526_256984592051990794_n-300x225.jpg 300w, https:\/\/www.teno.cl\/portal2\/wp-content\/uploads\/2025\/07\/508826683_1047833300871526_256984592051990794_n-768x576.jpg 768w, https:\/\/www.teno.cl\/portal2\/wp-content\/uploads\/2025\/07\/508826683_1047833300871526_256984592051990794_n-1536x1152.jpg 1536w, https:\/\/www.teno.cl\/portal2\/wp-content\/uploads\/2025\/07\/508826683_1047833300871526_256984592051990794_n.jpg 1600w\" sizes=\"(max-width: 1024px) 100vw, 1024px\" \/><\/figure>\n<\/div>\n<\/div>\n\n\n\n<p><\/p>\n","protected":false},"excerpt":{"rendered":"<p>Con gran compromiso y participaci\u00f3n, representantes de comunidades ubicadas en zonas de riesgo de la comuna de Teno asistieron a la segunda jornada de capacitaci\u00f3n organizada por SENAPRED, en coordinaci\u00f3n con el municipio. El objetivo principal de esta instancia fue entregar herramientas concretas que permitan a los vecinos y vecinas actuar de manera r\u00e1pida y &hellip;<\/p>\n<p class=\"read-more\"> <a class=\"\" href=\"https:\/\/www.teno.cl\/portal2\/2025\/07\/10\/vecinos-de-teno-se-capacitan-para-enfrentar-emergencias-y-fortalecer-la-seguridad-comunitaria\/\"> <span class=\"screen-reader-text\">VECINOS DE TENO SE CAPACITAN PARA ENFRENTAR EMERGENCIAS Y FORTALECER LA SEGURIDAD COMUNITARIA<\/span> Read More &raquo;<\/a><\/p>\n","protected":false},"author":4,"featured_media":10203,"comment_status":"closed","ping_status":"closed","sticky":false,"template":"","format":"standard","meta":{"_uag_custom_page_level_css":"","site-sidebar-layout":"no-sidebar","site-content-layout":"boxed-container","ast-global-header-display":"","ast-main-header-display":"","ast-hfb-above-header-display":"","ast-hfb-below-header-display":"","ast-hfb-mobile-header-display":"","site-post-title":"","ast-breadcrumbs-content":"disabled","ast-featured-img":"disabled","footer-sml-layout":"","theme-transparent-header-meta":"default","adv-header-id-meta":"","stick-header-meta":"","header-above-stick-meta":"","header-main-stick-meta":"","header-below-stick-meta":"","footnotes":""},"categories":[11],"tags":[],"class_list":["post-10199","post","type-post","status-publish","format-standard","has-post-thumbnail","hentry","category-noticias-municipales"],"uagb_featured_image_src":{"full":["https:\/\/www.teno.cl\/portal2\/wp-content\/uploads\/2025\/07\/509274903_1047833330871523_2487889661548018248_n.jpg",1280,960,false],"thumbnail":["https:\/\/www.teno.cl\/portal2\/wp-content\/uploads\/2025\/07\/509274903_1047833330871523_2487889661548018248_n-150x150.jpg",150,150,true],"medium":["https:\/\/www.teno.cl\/portal2\/wp-content\/uploads\/2025\/07\/509274903_1047833330871523_2487889661548018248_n-300x225.jpg",300,225,true],"medium_large":["https:\/\/www.teno.cl\/portal2\/wp-content\/uploads\/2025\/07\/509274903_1047833330871523_2487889661548018248_n-768x576.jpg",768,576,true],"large":["https:\/\/www.teno.cl\/portal2\/wp-content\/uploads\/2025\/07\/509274903_1047833330871523_2487889661548018248_n-1024x768.jpg",1024,768,true],"1536x1536":["https:\/\/www.teno.cl\/portal2\/wp-content\/uploads\/2025\/07\/509274903_1047833330871523_2487889661548018248_n.jpg",1280,960,false],"2048x2048":["https:\/\/www.teno.cl\/portal2\/wp-content\/uploads\/2025\/07\/509274903_1047833330871523_2487889661548018248_n.jpg",1280,960,false]},"uagb_author_info":{"display_name":"Benjamin Reyes","author_link":"https:\/\/www.teno.cl\/portal2\/author\/breyes\/"},"uagb_comment_info":0,"uagb_excerpt":"Con gran compromiso y participaci\u00f3n, representantes de comunidades ubicadas en zonas de riesgo de la comuna de Teno asistieron a la segunda jornada de capacitaci\u00f3n organizada por SENAPRED, en coordinaci\u00f3n con el municipio. El objetivo principal de esta instancia fue entregar herramientas concretas que permitan a los vecinos y vecinas actuar de manera r\u00e1pida y&hellip;","_links":{"self":[{"href":"https:\/\/www.teno.cl\/portal2\/wp-json\/wp\/v2\/posts\/10199","targetHints":{"allow":["GET"]}}],"collection":[{"href":"https:\/\/www.teno.cl\/portal2\/wp-json\/wp\/v2\/posts"}],"about":[{"href":"https:\/\/www.teno.cl\/portal2\/wp-json\/wp\/v2\/types\/post"}],"author":[{"embeddable":true,"href":"https:\/\/www.teno.cl\/portal2\/wp-json\/wp\/v2\/users\/4"}],"replies":[{"embeddable":true,"href":"https:\/\/www.teno.cl\/portal2\/wp-json\/wp\/v2\/comments?post=10199"}],"version-history":[{"count":1,"href":"https:\/\/www.teno.cl\/portal2\/wp-json\/wp\/v2\/posts\/10199\/revisions"}],"predecessor-version":[{"id":10204,"href":"https:\/\/www.teno.cl\/portal2\/wp-json\/wp\/v2\/posts\/10199\/revisions\/10204"}],"wp:featuredmedia":[{"embeddable":true,"href":"https:\/\/www.teno.cl\/portal2\/wp-json\/wp\/v2\/media\/10203"}],"wp:attachment":[{"href":"https:\/\/www.teno.cl\/portal2\/wp-json\/wp\/v2\/media?parent=10199"}],"wp:term":[{"taxonomy":"category","embeddable":true,"href":"https:\/\/www.teno.cl\/portal2\/wp-json\/wp\/v2\/categories?post=10199"},{"taxonomy":"post_tag","embeddable":true,"href":"https:\/\/www.teno.cl\/portal2\/wp-json\/wp\/v2\/tags?post=10199"}],"curies":[{"name":"wp","href":"https:\/\/api.w.org\/{rel}","templated":true}]}}