{"id":10185,"date":"2025-07-10T10:16:35","date_gmt":"2025-07-10T13:16:35","guid":{"rendered":"https:\/\/www.teno.cl\/portal2\/?p=10185"},"modified":"2025-07-10T10:16:35","modified_gmt":"2025-07-10T13:16:35","slug":"teno-se-consolida-como-polo-logistico-regional-con-inauguracion-del-nuevo-centro-de-distribucion-de-nestle-purina","status":"publish","type":"post","link":"https:\/\/www.teno.cl\/portal2\/2025\/07\/10\/teno-se-consolida-como-polo-logistico-regional-con-inauguracion-del-nuevo-centro-de-distribucion-de-nestle-purina\/","title":{"rendered":"TENO SE CONSOLIDA COMO POLO LOG\u00cdSTICO REGIONAL CON INAUGURACI\u00d3N DEL NUEVO CENTRO DE DISTRIBUCI\u00d3N DE NESTL\u00c9 PURINA"},"content":{"rendered":"\n<p>Una excelente noticia recibi\u00f3 la comuna de Teno con la inauguraci\u00f3n oficial del nuevo centro de distribuci\u00f3n de Nestl\u00e9 Purina, el m\u00e1s grande de su tipo en la regi\u00f3n. La ceremonia cont\u00f3 con la participaci\u00f3n del alcalde Wildo Far\u00edas, junto al SEREMI (s) de Econom\u00eda, Iv\u00e1n Sep\u00falveda, quienes encabezaron el corte de cinta de esta significativa obra.<\/p>\n\n\n\n<p>Este moderno centro log\u00edstico fue posible gracias a una inversi\u00f3n de 30 millones de d\u00f3lares por parte de Nestl\u00e9, y permitir\u00e1 fortalecer la capacidad operativa de la compa\u00f1\u00eda tanto en Chile como en otros pa\u00edses de Latinoam\u00e9rica. Su instalaci\u00f3n reafirma el rol estrat\u00e9gico de Teno en el mapa industrial y log\u00edstico del pa\u00eds.<\/p>\n\n\n\n<p>El alcalde de Teno, Wildo Far\u00edas, valor\u00f3 el compromiso de la empresa con el desarrollo local: \u00abEsta ampliaci\u00f3n confirma la confianza que Nestl\u00e9 tiene en nuestra comuna. Son siete a\u00f1os de presencia y ahora con esta inversi\u00f3n seguimos generando oportunidades laborales y fortaleciendo el crecimiento econ\u00f3mico. Desde el municipio, seguiremos impulsando todas las iniciativas que beneficien a nuestra comunidad\u00bb.<\/p>\n\n\n\n<p>Desde el municipio, se destac\u00f3 el compromiso de la empresa con el desarrollo local, valorando que grandes compa\u00f1\u00edas como Nestl\u00e9 contin\u00faen apostando por la comuna como un lugar clave para expandir sus operaciones. Esta nueva infraestructura no solo potencia el crecimiento econ\u00f3mico, sino que tambi\u00e9n abre nuevas oportunidades de empleo y progreso para los vecinos y vecinas de Teno.<\/p>\n\n\n\n<div class=\"wp-block-columns is-layout-flex wp-container-core-columns-is-layout-28f84493 wp-block-columns-is-layout-flex\">\n<div class=\"wp-block-column is-vertically-aligned-center is-layout-flow wp-block-column-is-layout-flow\">\n<figure class=\"wp-block-image size-large\"><img fetchpriority=\"high\" decoding=\"async\" width=\"1024\" height=\"683\" src=\"https:\/\/www.teno.cl\/portal2\/wp-content\/uploads\/2025\/07\/516881384_1063089066012616_4837372082719239998_n-1024x683.jpg\" alt=\"\" class=\"wp-image-10186\" srcset=\"https:\/\/www.teno.cl\/portal2\/wp-content\/uploads\/2025\/07\/516881384_1063089066012616_4837372082719239998_n-1024x683.jpg 1024w, https:\/\/www.teno.cl\/portal2\/wp-content\/uploads\/2025\/07\/516881384_1063089066012616_4837372082719239998_n-300x200.jpg 300w, https:\/\/www.teno.cl\/portal2\/wp-content\/uploads\/2025\/07\/516881384_1063089066012616_4837372082719239998_n-768x512.jpg 768w, https:\/\/www.teno.cl\/portal2\/wp-content\/uploads\/2025\/07\/516881384_1063089066012616_4837372082719239998_n-1536x1024.jpg 1536w, https:\/\/www.teno.cl\/portal2\/wp-content\/uploads\/2025\/07\/516881384_1063089066012616_4837372082719239998_n.jpg 2048w\" sizes=\"(max-width: 1024px) 100vw, 1024px\" \/><\/figure>\n<\/div>\n\n\n\n<div class=\"wp-block-column is-vertically-aligned-center is-layout-flow wp-block-column-is-layout-flow\">\n<figure class=\"wp-block-image size-large\"><img decoding=\"async\" width=\"1024\" height=\"683\" src=\"https:\/\/www.teno.cl\/portal2\/wp-content\/uploads\/2025\/07\/516926061_1063088259346030_8027935791414602992_n-1024x683.jpg\" alt=\"\" class=\"wp-image-10187\" srcset=\"https:\/\/www.teno.cl\/portal2\/wp-content\/uploads\/2025\/07\/516926061_1063088259346030_8027935791414602992_n-1024x683.jpg 1024w, https:\/\/www.teno.cl\/portal2\/wp-content\/uploads\/2025\/07\/516926061_1063088259346030_8027935791414602992_n-300x200.jpg 300w, https:\/\/www.teno.cl\/portal2\/wp-content\/uploads\/2025\/07\/516926061_1063088259346030_8027935791414602992_n-768x512.jpg 768w, https:\/\/www.teno.cl\/portal2\/wp-content\/uploads\/2025\/07\/516926061_1063088259346030_8027935791414602992_n-1536x1024.jpg 1536w, https:\/\/www.teno.cl\/portal2\/wp-content\/uploads\/2025\/07\/516926061_1063088259346030_8027935791414602992_n.jpg 2048w\" sizes=\"(max-width: 1024px) 100vw, 1024px\" \/><\/figure>\n<\/div>\n\n\n\n<div class=\"wp-block-column is-layout-flow wp-block-column-is-layout-flow\">\n<figure class=\"wp-block-image size-large\"><img decoding=\"async\" width=\"1024\" height=\"683\" src=\"https:\/\/www.teno.cl\/portal2\/wp-content\/uploads\/2025\/07\/516620153_1063088336012689_7082151786584288877_n-1024x683.jpg\" alt=\"\" class=\"wp-image-10188\" srcset=\"https:\/\/www.teno.cl\/portal2\/wp-content\/uploads\/2025\/07\/516620153_1063088336012689_7082151786584288877_n-1024x683.jpg 1024w, https:\/\/www.teno.cl\/portal2\/wp-content\/uploads\/2025\/07\/516620153_1063088336012689_7082151786584288877_n-300x200.jpg 300w, https:\/\/www.teno.cl\/portal2\/wp-content\/uploads\/2025\/07\/516620153_1063088336012689_7082151786584288877_n-768x512.jpg 768w, https:\/\/www.teno.cl\/portal2\/wp-content\/uploads\/2025\/07\/516620153_1063088336012689_7082151786584288877_n-1536x1024.jpg 1536w, https:\/\/www.teno.cl\/portal2\/wp-content\/uploads\/2025\/07\/516620153_1063088336012689_7082151786584288877_n.jpg 2048w\" sizes=\"(max-width: 1024px) 100vw, 1024px\" \/><\/figure>\n<\/div>\n<\/div>\n\n\n\n<p><\/p>\n","protected":false},"excerpt":{"rendered":"<p>Una excelente noticia recibi\u00f3 la comuna de Teno con la inauguraci\u00f3n oficial del nuevo centro de distribuci\u00f3n de Nestl\u00e9 Purina, el m\u00e1s grande de su tipo en la regi\u00f3n. La ceremonia cont\u00f3 con la participaci\u00f3n del alcalde Wildo Far\u00edas, junto al SEREMI (s) de Econom\u00eda, Iv\u00e1n Sep\u00falveda, quienes encabezaron el corte de cinta de esta &hellip;<\/p>\n<p class=\"read-more\"> <a class=\"\" href=\"https:\/\/www.teno.cl\/portal2\/2025\/07\/10\/teno-se-consolida-como-polo-logistico-regional-con-inauguracion-del-nuevo-centro-de-distribucion-de-nestle-purina\/\"> <span class=\"screen-reader-text\">TENO SE CONSOLIDA COMO POLO LOG\u00cdSTICO REGIONAL CON INAUGURACI\u00d3N DEL NUEVO CENTRO DE DISTRIBUCI\u00d3N DE NESTL\u00c9 PURINA<\/span> Read More &raquo;<\/a><\/p>\n","protected":false},"author":4,"featured_media":10189,"comment_status":"closed","ping_status":"closed","sticky":false,"template":"","format":"standard","meta":{"_uag_custom_page_level_css":"","site-sidebar-layout":"no-sidebar","site-content-layout":"boxed-container","ast-global-header-display":"","ast-main-header-display":"","ast-hfb-above-header-display":"","ast-hfb-below-header-display":"","ast-hfb-mobile-header-display":"","site-post-title":"","ast-breadcrumbs-content":"disabled","ast-featured-img":"disabled","footer-sml-layout":"","theme-transparent-header-meta":"default","adv-header-id-meta":"","stick-header-meta":"","header-above-stick-meta":"","header-main-stick-meta":"","header-below-stick-meta":"","footnotes":""},"categories":[11],"tags":[],"class_list":["post-10185","post","type-post","status-publish","format-standard","has-post-thumbnail","hentry","category-noticias-municipales"],"uagb_featured_image_src":{"full":["https:\/\/www.teno.cl\/portal2\/wp-content\/uploads\/2025\/07\/516822856_1063088306012692_927560487363789272_n.jpg",2048,1365,false],"thumbnail":["https:\/\/www.teno.cl\/portal2\/wp-content\/uploads\/2025\/07\/516822856_1063088306012692_927560487363789272_n-150x150.jpg",150,150,true],"medium":["https:\/\/www.teno.cl\/portal2\/wp-content\/uploads\/2025\/07\/516822856_1063088306012692_927560487363789272_n-300x200.jpg",300,200,true],"medium_large":["https:\/\/www.teno.cl\/portal2\/wp-content\/uploads\/2025\/07\/516822856_1063088306012692_927560487363789272_n-768x512.jpg",768,512,true],"large":["https:\/\/www.teno.cl\/portal2\/wp-content\/uploads\/2025\/07\/516822856_1063088306012692_927560487363789272_n-1024x683.jpg",1024,683,true],"1536x1536":["https:\/\/www.teno.cl\/portal2\/wp-content\/uploads\/2025\/07\/516822856_1063088306012692_927560487363789272_n-1536x1024.jpg",1536,1024,true],"2048x2048":["https:\/\/www.teno.cl\/portal2\/wp-content\/uploads\/2025\/07\/516822856_1063088306012692_927560487363789272_n.jpg",2048,1365,false]},"uagb_author_info":{"display_name":"Benjamin Reyes","author_link":"https:\/\/www.teno.cl\/portal2\/author\/breyes\/"},"uagb_comment_info":0,"uagb_excerpt":"Una excelente noticia recibi\u00f3 la comuna de Teno con la inauguraci\u00f3n oficial del nuevo centro de distribuci\u00f3n de Nestl\u00e9 Purina, el m\u00e1s grande de su tipo en la regi\u00f3n. La ceremonia cont\u00f3 con la participaci\u00f3n del alcalde Wildo Far\u00edas, junto al SEREMI (s) de Econom\u00eda, Iv\u00e1n Sep\u00falveda, quienes encabezaron el corte de cinta de esta&hellip;","_links":{"self":[{"href":"https:\/\/www.teno.cl\/portal2\/wp-json\/wp\/v2\/posts\/10185","targetHints":{"allow":["GET"]}}],"collection":[{"href":"https:\/\/www.teno.cl\/portal2\/wp-json\/wp\/v2\/posts"}],"about":[{"href":"https:\/\/www.teno.cl\/portal2\/wp-json\/wp\/v2\/types\/post"}],"author":[{"embeddable":true,"href":"https:\/\/www.teno.cl\/portal2\/wp-json\/wp\/v2\/users\/4"}],"replies":[{"embeddable":true,"href":"https:\/\/www.teno.cl\/portal2\/wp-json\/wp\/v2\/comments?post=10185"}],"version-history":[{"count":1,"href":"https:\/\/www.teno.cl\/portal2\/wp-json\/wp\/v2\/posts\/10185\/revisions"}],"predecessor-version":[{"id":10190,"href":"https:\/\/www.teno.cl\/portal2\/wp-json\/wp\/v2\/posts\/10185\/revisions\/10190"}],"wp:featuredmedia":[{"embeddable":true,"href":"https:\/\/www.teno.cl\/portal2\/wp-json\/wp\/v2\/media\/10189"}],"wp:attachment":[{"href":"https:\/\/www.teno.cl\/portal2\/wp-json\/wp\/v2\/media?parent=10185"}],"wp:term":[{"taxonomy":"category","embeddable":true,"href":"https:\/\/www.teno.cl\/portal2\/wp-json\/wp\/v2\/categories?post=10185"},{"taxonomy":"post_tag","embeddable":true,"href":"https:\/\/www.teno.cl\/portal2\/wp-json\/wp\/v2\/tags?post=10185"}],"curies":[{"name":"wp","href":"https:\/\/api.w.org\/{rel}","templated":true}]}}