{"id":10175,"date":"2025-07-10T10:10:54","date_gmt":"2025-07-10T13:10:54","guid":{"rendered":"https:\/\/www.teno.cl\/portal2\/?p=10175"},"modified":"2025-07-10T10:10:54","modified_gmt":"2025-07-10T13:10:54","slug":"cierre-de-la-primera-academia-de-mujeres-empresarias-en-teno-marca-hito-en-el-empoderamiento-femenino","status":"publish","type":"post","link":"https:\/\/www.teno.cl\/portal2\/2025\/07\/10\/cierre-de-la-primera-academia-de-mujeres-empresarias-en-teno-marca-hito-en-el-empoderamiento-femenino\/","title":{"rendered":"CIERRE DE LA PRIMERA ACADEMIA DE MUJERES EMPRESARIAS EN TENO MARCA HITO EN EL EMPODERAMIENTO FEMENINO"},"content":{"rendered":"\n<p>Con entusiasmo y orgullo, la comuna de Teno celebr\u00f3 el cierre de la primera versi\u00f3n presencial de la&nbsp;<strong>Academia de Mujeres Empresarias 2025<\/strong>, una iniciativa impulsada gracias al convenio colaborativo entre el Centro de Negocios SERCOTEC Curic\u00f3 y la Ilustre Municipalidad de Teno, a trav\u00e9s de la Oficina OMIL.<\/p>\n\n\n\n<p>En esta instancia participaron cerca de 40 mujeres emprendedoras de la comuna, usuarias de programas como Prodesal, Mujeres Jefas de Hogar, Familias Seguridad y Oportunidades y OMIL. Durante su formaci\u00f3n, adquirieron herramientas clave para fortalecer sus emprendimientos, mejorar la gesti\u00f3n de sus negocios y enfrentar con mayor preparaci\u00f3n los desaf\u00edos del mercado.<\/p>\n\n\n\n<p>De ellas, 35 lograron completar el proceso y recibieron su certificaci\u00f3n, marcando un importante avance en la reducci\u00f3n de brechas de g\u00e9nero y el fomento de la autonom\u00eda econ\u00f3mica femenina en el territorio.<\/p>\n\n\n\n<p>Esta actividad fue financiada por el programa Centros de Desarrollo de Negocios de SERCOTEC, en el marco de una pol\u00edtica p\u00fablica del Gobierno de Chile liderada por el Ministerio de Econom\u00eda, Fomento y Turismo. Desde el municipio valoraron esta iniciativa como un paso concreto hacia una comuna m\u00e1s inclusiva, equitativa y con mayores oportunidades para todas.<\/p>\n\n\n\n<div class=\"wp-block-columns is-layout-flex wp-container-core-columns-is-layout-28f84493 wp-block-columns-is-layout-flex\">\n<div class=\"wp-block-column is-vertically-aligned-center is-layout-flow wp-block-column-is-layout-flow\">\n<figure class=\"wp-block-image size-large\"><img fetchpriority=\"high\" decoding=\"async\" width=\"1024\" height=\"683\" src=\"https:\/\/www.teno.cl\/portal2\/wp-content\/uploads\/2025\/07\/508125639_1047294404258749_1849398383259929115_n-1024x683.jpg\" alt=\"\" class=\"wp-image-10181\" srcset=\"https:\/\/www.teno.cl\/portal2\/wp-content\/uploads\/2025\/07\/508125639_1047294404258749_1849398383259929115_n-1024x683.jpg 1024w, https:\/\/www.teno.cl\/portal2\/wp-content\/uploads\/2025\/07\/508125639_1047294404258749_1849398383259929115_n-300x200.jpg 300w, https:\/\/www.teno.cl\/portal2\/wp-content\/uploads\/2025\/07\/508125639_1047294404258749_1849398383259929115_n-768x512.jpg 768w, https:\/\/www.teno.cl\/portal2\/wp-content\/uploads\/2025\/07\/508125639_1047294404258749_1849398383259929115_n-1536x1024.jpg 1536w, https:\/\/www.teno.cl\/portal2\/wp-content\/uploads\/2025\/07\/508125639_1047294404258749_1849398383259929115_n.jpg 2048w\" sizes=\"(max-width: 1024px) 100vw, 1024px\" \/><\/figure>\n<\/div>\n\n\n\n<div class=\"wp-block-column is-vertically-aligned-center is-layout-flow wp-block-column-is-layout-flow\">\n<figure class=\"wp-block-image size-large\"><img decoding=\"async\" width=\"1024\" height=\"683\" src=\"https:\/\/www.teno.cl\/portal2\/wp-content\/uploads\/2025\/07\/508163402_1047295320925324_2909251524679140167_n-1024x683.jpg\" alt=\"\" class=\"wp-image-10180\" srcset=\"https:\/\/www.teno.cl\/portal2\/wp-content\/uploads\/2025\/07\/508163402_1047295320925324_2909251524679140167_n-1024x683.jpg 1024w, https:\/\/www.teno.cl\/portal2\/wp-content\/uploads\/2025\/07\/508163402_1047295320925324_2909251524679140167_n-300x200.jpg 300w, https:\/\/www.teno.cl\/portal2\/wp-content\/uploads\/2025\/07\/508163402_1047295320925324_2909251524679140167_n-768x512.jpg 768w, https:\/\/www.teno.cl\/portal2\/wp-content\/uploads\/2025\/07\/508163402_1047295320925324_2909251524679140167_n-1536x1024.jpg 1536w, https:\/\/www.teno.cl\/portal2\/wp-content\/uploads\/2025\/07\/508163402_1047295320925324_2909251524679140167_n.jpg 2048w\" sizes=\"(max-width: 1024px) 100vw, 1024px\" \/><\/figure>\n<\/div>\n\n\n\n<div class=\"wp-block-column is-layout-flow wp-block-column-is-layout-flow\">\n<figure class=\"wp-block-image size-large\"><img decoding=\"async\" width=\"1024\" height=\"683\" src=\"https:\/\/www.teno.cl\/portal2\/wp-content\/uploads\/2025\/07\/508689836_1047295027592020_4437484603009861530_n-1024x683.jpg\" alt=\"\" class=\"wp-image-10182\" srcset=\"https:\/\/www.teno.cl\/portal2\/wp-content\/uploads\/2025\/07\/508689836_1047295027592020_4437484603009861530_n-1024x683.jpg 1024w, https:\/\/www.teno.cl\/portal2\/wp-content\/uploads\/2025\/07\/508689836_1047295027592020_4437484603009861530_n-300x200.jpg 300w, https:\/\/www.teno.cl\/portal2\/wp-content\/uploads\/2025\/07\/508689836_1047295027592020_4437484603009861530_n-768x512.jpg 768w, https:\/\/www.teno.cl\/portal2\/wp-content\/uploads\/2025\/07\/508689836_1047295027592020_4437484603009861530_n-1536x1024.jpg 1536w, https:\/\/www.teno.cl\/portal2\/wp-content\/uploads\/2025\/07\/508689836_1047295027592020_4437484603009861530_n.jpg 2048w\" sizes=\"(max-width: 1024px) 100vw, 1024px\" \/><\/figure>\n<\/div>\n<\/div>\n\n\n\n<p><\/p>\n","protected":false},"excerpt":{"rendered":"<p>Con entusiasmo y orgullo, la comuna de Teno celebr\u00f3 el cierre de la primera versi\u00f3n presencial de la&nbsp;Academia de Mujeres Empresarias 2025, una iniciativa impulsada gracias al convenio colaborativo entre el Centro de Negocios SERCOTEC Curic\u00f3 y la Ilustre Municipalidad de Teno, a trav\u00e9s de la Oficina OMIL. En esta instancia participaron cerca de 40 &hellip;<\/p>\n<p class=\"read-more\"> <a class=\"\" href=\"https:\/\/www.teno.cl\/portal2\/2025\/07\/10\/cierre-de-la-primera-academia-de-mujeres-empresarias-en-teno-marca-hito-en-el-empoderamiento-femenino\/\"> <span class=\"screen-reader-text\">CIERRE DE LA PRIMERA ACADEMIA DE MUJERES EMPRESARIAS EN TENO MARCA HITO EN EL EMPODERAMIENTO FEMENINO<\/span> Read More &raquo;<\/a><\/p>\n","protected":false},"author":4,"featured_media":10183,"comment_status":"closed","ping_status":"closed","sticky":false,"template":"","format":"standard","meta":{"_uag_custom_page_level_css":"","site-sidebar-layout":"no-sidebar","site-content-layout":"boxed-container","ast-global-header-display":"","ast-main-header-display":"","ast-hfb-above-header-display":"","ast-hfb-below-header-display":"","ast-hfb-mobile-header-display":"","site-post-title":"","ast-breadcrumbs-content":"disabled","ast-featured-img":"disabled","footer-sml-layout":"","theme-transparent-header-meta":"default","adv-header-id-meta":"","stick-header-meta":"","header-above-stick-meta":"","header-main-stick-meta":"","header-below-stick-meta":"","footnotes":""},"categories":[11],"tags":[],"class_list":["post-10175","post","type-post","status-publish","format-standard","has-post-thumbnail","hentry","category-noticias-municipales"],"uagb_featured_image_src":{"full":["https:\/\/www.teno.cl\/portal2\/wp-content\/uploads\/2025\/07\/509423645_1047294470925409_3982321068389683185_n-1.jpg",2048,1365,false],"thumbnail":["https:\/\/www.teno.cl\/portal2\/wp-content\/uploads\/2025\/07\/509423645_1047294470925409_3982321068389683185_n-1-150x150.jpg",150,150,true],"medium":["https:\/\/www.teno.cl\/portal2\/wp-content\/uploads\/2025\/07\/509423645_1047294470925409_3982321068389683185_n-1-300x200.jpg",300,200,true],"medium_large":["https:\/\/www.teno.cl\/portal2\/wp-content\/uploads\/2025\/07\/509423645_1047294470925409_3982321068389683185_n-1-768x512.jpg",768,512,true],"large":["https:\/\/www.teno.cl\/portal2\/wp-content\/uploads\/2025\/07\/509423645_1047294470925409_3982321068389683185_n-1-1024x683.jpg",1024,683,true],"1536x1536":["https:\/\/www.teno.cl\/portal2\/wp-content\/uploads\/2025\/07\/509423645_1047294470925409_3982321068389683185_n-1-1536x1024.jpg",1536,1024,true],"2048x2048":["https:\/\/www.teno.cl\/portal2\/wp-content\/uploads\/2025\/07\/509423645_1047294470925409_3982321068389683185_n-1.jpg",2048,1365,false]},"uagb_author_info":{"display_name":"Benjamin Reyes","author_link":"https:\/\/www.teno.cl\/portal2\/author\/breyes\/"},"uagb_comment_info":0,"uagb_excerpt":"Con entusiasmo y orgullo, la comuna de Teno celebr\u00f3 el cierre de la primera versi\u00f3n presencial de la&nbsp;Academia de Mujeres Empresarias 2025, una iniciativa impulsada gracias al convenio colaborativo entre el Centro de Negocios SERCOTEC Curic\u00f3 y la Ilustre Municipalidad de Teno, a trav\u00e9s de la Oficina OMIL. En esta instancia participaron cerca de 40&hellip;","_links":{"self":[{"href":"https:\/\/www.teno.cl\/portal2\/wp-json\/wp\/v2\/posts\/10175","targetHints":{"allow":["GET"]}}],"collection":[{"href":"https:\/\/www.teno.cl\/portal2\/wp-json\/wp\/v2\/posts"}],"about":[{"href":"https:\/\/www.teno.cl\/portal2\/wp-json\/wp\/v2\/types\/post"}],"author":[{"embeddable":true,"href":"https:\/\/www.teno.cl\/portal2\/wp-json\/wp\/v2\/users\/4"}],"replies":[{"embeddable":true,"href":"https:\/\/www.teno.cl\/portal2\/wp-json\/wp\/v2\/comments?post=10175"}],"version-history":[{"count":1,"href":"https:\/\/www.teno.cl\/portal2\/wp-json\/wp\/v2\/posts\/10175\/revisions"}],"predecessor-version":[{"id":10184,"href":"https:\/\/www.teno.cl\/portal2\/wp-json\/wp\/v2\/posts\/10175\/revisions\/10184"}],"wp:featuredmedia":[{"embeddable":true,"href":"https:\/\/www.teno.cl\/portal2\/wp-json\/wp\/v2\/media\/10183"}],"wp:attachment":[{"href":"https:\/\/www.teno.cl\/portal2\/wp-json\/wp\/v2\/media?parent=10175"}],"wp:term":[{"taxonomy":"category","embeddable":true,"href":"https:\/\/www.teno.cl\/portal2\/wp-json\/wp\/v2\/categories?post=10175"},{"taxonomy":"post_tag","embeddable":true,"href":"https:\/\/www.teno.cl\/portal2\/wp-json\/wp\/v2\/tags?post=10175"}],"curies":[{"name":"wp","href":"https:\/\/api.w.org\/{rel}","templated":true}]}}