{"id":10167,"date":"2025-07-10T10:04:54","date_gmt":"2025-07-10T13:04:54","guid":{"rendered":"https:\/\/www.teno.cl\/portal2\/?p=10167"},"modified":"2025-07-10T10:04:54","modified_gmt":"2025-07-10T13:04:54","slug":"autoridades-gestionan-planta-de-revision-tecnica-para-teno-con-ministro-de-transportes","status":"publish","type":"post","link":"https:\/\/www.teno.cl\/portal2\/2025\/07\/10\/autoridades-gestionan-planta-de-revision-tecnica-para-teno-con-ministro-de-transportes\/","title":{"rendered":"AUTORIDADES GESTIONAN PLANTA DE REVISI\u00d3N T\u00c9CNICA PARA TENO CON MINISTRO DE TRANSPORTES"},"content":{"rendered":"\n<p>En una importante gesti\u00f3n realizada en Santiago, el alcalde de Teno, Wildo Far\u00edas, sostuvo una reuni\u00f3n con el Ministro de Transportes y Telecomunicaciones, Juan Carlos Mu\u00f1oz Abogabir. A la cita tambi\u00e9n asistieron el diputado Felipe Donoso y la concejala Mar\u00eda Jos\u00e9 Sol\u00eds, quienes han sido aliados clave en la b\u00fasqueda de soluciones concretas para mejorar la calidad de vida en la comuna.<\/p>\n\n\n\n<p>Uno de los principales temas abordados fue la posibilidad de instalar una planta de revisi\u00f3n t\u00e9cnica en Teno. Esta iniciativa surge como respuesta a una sentida necesidad de la comunidad, ya que actualmente los vecinos deben trasladarse a otras comunas para cumplir con este tr\u00e1mite obligatorio, generando costos y tiempos innecesarios.<\/p>\n\n\n\n<p>La instalaci\u00f3n de esta planta no solo facilitar\u00eda el acceso a un servicio fundamental, sino que tambi\u00e9n significar\u00eda un avance en materia de conectividad y descentralizaci\u00f3n de los servicios p\u00fablicos, aportando directamente al desarrollo local y al bienestar de las familias teninas.<\/p>\n\n\n\n<p>Desde el municipio destacaron la buena disposici\u00f3n del ministro y reafirmaron su compromiso de seguir trabajando por una comuna con m\u00e1s oportunidades, mejor infraestructura y servicios m\u00e1s cercanos para todos.<\/p>\n\n\n\n<div class=\"wp-block-columns is-layout-flex wp-container-core-columns-is-layout-28f84493 wp-block-columns-is-layout-flex\">\n<div class=\"wp-block-column is-vertically-aligned-center is-layout-flow wp-block-column-is-layout-flow\">\n<figure class=\"wp-block-image size-large\"><img fetchpriority=\"high\" decoding=\"async\" width=\"1024\" height=\"1024\" src=\"https:\/\/www.teno.cl\/portal2\/wp-content\/uploads\/2025\/07\/514533495_1056580746663448_8873065217862762866_n-1024x1024.jpg\" alt=\"\" class=\"wp-image-10168\" srcset=\"https:\/\/www.teno.cl\/portal2\/wp-content\/uploads\/2025\/07\/514533495_1056580746663448_8873065217862762866_n-1024x1024.jpg 1024w, https:\/\/www.teno.cl\/portal2\/wp-content\/uploads\/2025\/07\/514533495_1056580746663448_8873065217862762866_n-300x300.jpg 300w, https:\/\/www.teno.cl\/portal2\/wp-content\/uploads\/2025\/07\/514533495_1056580746663448_8873065217862762866_n-150x150.jpg 150w, https:\/\/www.teno.cl\/portal2\/wp-content\/uploads\/2025\/07\/514533495_1056580746663448_8873065217862762866_n-768x768.jpg 768w, https:\/\/www.teno.cl\/portal2\/wp-content\/uploads\/2025\/07\/514533495_1056580746663448_8873065217862762866_n-1536x1536.jpg 1536w, https:\/\/www.teno.cl\/portal2\/wp-content\/uploads\/2025\/07\/514533495_1056580746663448_8873065217862762866_n.jpg 2048w\" sizes=\"(max-width: 1024px) 100vw, 1024px\" \/><\/figure>\n<\/div>\n\n\n\n<div class=\"wp-block-column is-vertically-aligned-center is-layout-flow wp-block-column-is-layout-flow\">\n<figure class=\"wp-block-image size-large\"><img decoding=\"async\" width=\"1024\" height=\"1024\" src=\"https:\/\/www.teno.cl\/portal2\/wp-content\/uploads\/2025\/07\/514739660_1056580743330115_4830075414454188339_n-1024x1024.jpg\" alt=\"\" class=\"wp-image-10170\" srcset=\"https:\/\/www.teno.cl\/portal2\/wp-content\/uploads\/2025\/07\/514739660_1056580743330115_4830075414454188339_n-1024x1024.jpg 1024w, https:\/\/www.teno.cl\/portal2\/wp-content\/uploads\/2025\/07\/514739660_1056580743330115_4830075414454188339_n-300x300.jpg 300w, https:\/\/www.teno.cl\/portal2\/wp-content\/uploads\/2025\/07\/514739660_1056580743330115_4830075414454188339_n-150x150.jpg 150w, https:\/\/www.teno.cl\/portal2\/wp-content\/uploads\/2025\/07\/514739660_1056580743330115_4830075414454188339_n-768x768.jpg 768w, https:\/\/www.teno.cl\/portal2\/wp-content\/uploads\/2025\/07\/514739660_1056580743330115_4830075414454188339_n-1536x1536.jpg 1536w, https:\/\/www.teno.cl\/portal2\/wp-content\/uploads\/2025\/07\/514739660_1056580743330115_4830075414454188339_n.jpg 2048w\" sizes=\"(max-width: 1024px) 100vw, 1024px\" \/><\/figure>\n<\/div>\n<\/div>\n\n\n\n<p><\/p>\n","protected":false},"excerpt":{"rendered":"<p>En una importante gesti\u00f3n realizada en Santiago, el alcalde de Teno, Wildo Far\u00edas, sostuvo una reuni\u00f3n con el Ministro de Transportes y Telecomunicaciones, Juan Carlos Mu\u00f1oz Abogabir. A la cita tambi\u00e9n asistieron el diputado Felipe Donoso y la concejala Mar\u00eda Jos\u00e9 Sol\u00eds, quienes han sido aliados clave en la b\u00fasqueda de soluciones concretas para mejorar &hellip;<\/p>\n<p class=\"read-more\"> <a class=\"\" href=\"https:\/\/www.teno.cl\/portal2\/2025\/07\/10\/autoridades-gestionan-planta-de-revision-tecnica-para-teno-con-ministro-de-transportes\/\"> <span class=\"screen-reader-text\">AUTORIDADES GESTIONAN PLANTA DE REVISI\u00d3N T\u00c9CNICA PARA TENO CON MINISTRO DE TRANSPORTES<\/span> Read More &raquo;<\/a><\/p>\n","protected":false},"author":4,"featured_media":10171,"comment_status":"closed","ping_status":"closed","sticky":false,"template":"","format":"standard","meta":{"_uag_custom_page_level_css":"","site-sidebar-layout":"no-sidebar","site-content-layout":"boxed-container","ast-global-header-display":"","ast-main-header-display":"","ast-hfb-above-header-display":"","ast-hfb-below-header-display":"","ast-hfb-mobile-header-display":"","site-post-title":"","ast-breadcrumbs-content":"disabled","ast-featured-img":"disabled","footer-sml-layout":"","theme-transparent-header-meta":"default","adv-header-id-meta":"","stick-header-meta":"","header-above-stick-meta":"","header-main-stick-meta":"","header-below-stick-meta":"","footnotes":""},"categories":[11],"tags":[],"class_list":["post-10167","post","type-post","status-publish","format-standard","has-post-thumbnail","hentry","category-noticias-municipales"],"uagb_featured_image_src":{"full":["https:\/\/www.teno.cl\/portal2\/wp-content\/uploads\/2025\/07\/514597889_1057214796600043_4145037619524751338_n.jpg",1600,1200,false],"thumbnail":["https:\/\/www.teno.cl\/portal2\/wp-content\/uploads\/2025\/07\/514597889_1057214796600043_4145037619524751338_n-150x150.jpg",150,150,true],"medium":["https:\/\/www.teno.cl\/portal2\/wp-content\/uploads\/2025\/07\/514597889_1057214796600043_4145037619524751338_n-300x225.jpg",300,225,true],"medium_large":["https:\/\/www.teno.cl\/portal2\/wp-content\/uploads\/2025\/07\/514597889_1057214796600043_4145037619524751338_n-768x576.jpg",768,576,true],"large":["https:\/\/www.teno.cl\/portal2\/wp-content\/uploads\/2025\/07\/514597889_1057214796600043_4145037619524751338_n-1024x768.jpg",1024,768,true],"1536x1536":["https:\/\/www.teno.cl\/portal2\/wp-content\/uploads\/2025\/07\/514597889_1057214796600043_4145037619524751338_n-1536x1152.jpg",1536,1152,true],"2048x2048":["https:\/\/www.teno.cl\/portal2\/wp-content\/uploads\/2025\/07\/514597889_1057214796600043_4145037619524751338_n.jpg",1600,1200,false]},"uagb_author_info":{"display_name":"Benjamin Reyes","author_link":"https:\/\/www.teno.cl\/portal2\/author\/breyes\/"},"uagb_comment_info":0,"uagb_excerpt":"En una importante gesti\u00f3n realizada en Santiago, el alcalde de Teno, Wildo Far\u00edas, sostuvo una reuni\u00f3n con el Ministro de Transportes y Telecomunicaciones, Juan Carlos Mu\u00f1oz Abogabir. A la cita tambi\u00e9n asistieron el diputado Felipe Donoso y la concejala Mar\u00eda Jos\u00e9 Sol\u00eds, quienes han sido aliados clave en la b\u00fasqueda de soluciones concretas para mejorar&hellip;","_links":{"self":[{"href":"https:\/\/www.teno.cl\/portal2\/wp-json\/wp\/v2\/posts\/10167","targetHints":{"allow":["GET"]}}],"collection":[{"href":"https:\/\/www.teno.cl\/portal2\/wp-json\/wp\/v2\/posts"}],"about":[{"href":"https:\/\/www.teno.cl\/portal2\/wp-json\/wp\/v2\/types\/post"}],"author":[{"embeddable":true,"href":"https:\/\/www.teno.cl\/portal2\/wp-json\/wp\/v2\/users\/4"}],"replies":[{"embeddable":true,"href":"https:\/\/www.teno.cl\/portal2\/wp-json\/wp\/v2\/comments?post=10167"}],"version-history":[{"count":1,"href":"https:\/\/www.teno.cl\/portal2\/wp-json\/wp\/v2\/posts\/10167\/revisions"}],"predecessor-version":[{"id":10173,"href":"https:\/\/www.teno.cl\/portal2\/wp-json\/wp\/v2\/posts\/10167\/revisions\/10173"}],"wp:featuredmedia":[{"embeddable":true,"href":"https:\/\/www.teno.cl\/portal2\/wp-json\/wp\/v2\/media\/10171"}],"wp:attachment":[{"href":"https:\/\/www.teno.cl\/portal2\/wp-json\/wp\/v2\/media?parent=10167"}],"wp:term":[{"taxonomy":"category","embeddable":true,"href":"https:\/\/www.teno.cl\/portal2\/wp-json\/wp\/v2\/categories?post=10167"},{"taxonomy":"post_tag","embeddable":true,"href":"https:\/\/www.teno.cl\/portal2\/wp-json\/wp\/v2\/tags?post=10167"}],"curies":[{"name":"wp","href":"https:\/\/api.w.org\/{rel}","templated":true}]}}